{"id":9656,"date":"2021-11-05T18:11:39","date_gmt":"2021-11-05T21:11:39","guid":{"rendered":"https:\/\/www.ejemackenzie.com.br\/?p=8420"},"modified":"2022-05-30T12:37:48","modified_gmt":"2022-05-30T12:37:48","slug":"importancia-manutencao-de-ar-condicionado","status":"publish","type":"post","link":"https:\/\/ejemackenzie.com.br\/ejem\/importancia-manutencao-de-ar-condicionado\/","title":{"rendered":"A import\u00e2ncia do PMOC na manuten\u00e7\u00e3o de ar condicionado"},"content":{"rendered":"<h1><\/h1>\n<h2>Isabella De Macedo e Lucas Mancilha<\/h2>\n<p><img fetchpriority=\"high\" decoding=\"async\" src=\"https:\/\/www.ejemackenzie.com.br\/wp-content\/uploads\/2021\/11\/Imagem1.png\" sizes=\"(max-width: 812px) 100vw, 812px\" srcset=\"https:\/\/www.ejemackenzie.com.br\/wp-content\/uploads\/2021\/11\/Imagem1.png 902w, https:\/\/www.ejemackenzie.com.br\/wp-content\/uploads\/2021\/11\/Imagem1-300x200.png 300w, https:\/\/www.ejemackenzie.com.br\/wp-content\/uploads\/2021\/11\/Imagem1-768x513.png 768w\" alt=\"\" width=\"812\" height=\"542\" \/><\/p>\n<p>Em um pa\u00eds tropical como o Brasil \u00e9 indispens\u00e1vel ter conforto t\u00e9rmico. Para isso a manuten\u00e7\u00e3o de ar condicionado \u00e9 essencial para que o aparelho cumpra suas fun\u00e7\u00f5es da maneira adequada e segura. Mas voc\u00ea sabe qual a import\u00e2ncia da manuten\u00e7\u00e3o do ar condicionado?<\/p>\n<p>PMOC \u00e9 a sigla para Plano de Manuten\u00e7\u00e3o Opera\u00e7\u00e3o e Controle, um documento que apresenta o conjunto de procedimentos e a periodicidade com a qual os aparelhos de climatiza\u00e7\u00e3o artificial de determinado ambiente devem ser analisados em rela\u00e7\u00e3o a seu estado de conserva\u00e7\u00e3o, limpeza e integridade de seus componentes.<\/p>\n<p>O Plano de Manuten\u00e7\u00e3o \u00e9 obrigat\u00f3rio pela lei 13.589\/2018 para todos os locais de uso p\u00fablico ou coletivo que fa\u00e7am uso de equipamentos climatizadores de ar. Para aqueles que possuam o somat\u00f3rio de capacidade dos climatizadores acima de 60.000 BTU\/h \u00e9 necess\u00e1rio ter um respons\u00e1vel t\u00e9cnico. Qualquer ambiente que atenda esses requisitos precisa seguir com as normas previstas por lei, estabelecimentos como shoppings, mercados, lojas, escolas, creches, cl\u00ednicas, hospitais, restaurantes e academias s\u00e3o alguns exemplos de ambientes que podem precisar do PMOC.<\/p>\n<p>Um dos principais aparelhos de climatiza\u00e7\u00e3o que temos no mercado hoje \u00e9 o ar condicionado. Atrav\u00e9s do PMOC a manuten\u00e7\u00e3o de ar condicionado \u00e9 feita de maneira assertiva seguindo as normas impostas pela ANVISA.<\/p>\n<p>Quanto \u00e0 <a href=\"http:\/\/www.planalto.gov.br\/ccivil_03\/_ato2015-2018\/2018\/lei\/l13589.htm\">Lei 13.589\/2018<\/a> que obriga todos os edif\u00edcios coletivos ou p\u00fablicos a terem o PMOC em garantia a sa\u00fade e seguran\u00e7a de seus usu\u00e1rios. Com o cumprimento da lei \u00e9 poss\u00edvel prevenir problemas de sa\u00fade. Assim, \u00e9 importante ter ele em mente durante o processo do projeto arquitet\u00f4nico de algumas empresas e no projeto de climatiza\u00e7\u00e3o delas. Caso tenha alguma d\u00favida sobre a lei, consulte o site da <a href=\"https:\/\/abrava.com.br\/a-abrava\/pmoc-perguntas-e-respostas\/\">ABRAVA<\/a> (Associa\u00e7\u00e3o Brasileira de Refrigera\u00e7\u00e3o, Ar condicionado e Aquecimento).<\/p>\n<p>Para a elabora\u00e7\u00e3o do Plano de manuten\u00e7\u00e3o de ar condicionado \u00e9 necess\u00e1rio possuir a ART (Anota\u00e7\u00e3o de Responsabilidade T\u00e9cnica) emitida pelo CREA local. Considerando isto, o respons\u00e1vel pelo processo pode dividi-lo em duas etapas: a qu\u00edmica e a mec\u00e2nica. Desta forma garante uma rotina de manuten\u00e7\u00e3o dos climatizadores, assegurando a boa qualidade do ar ambiente.<\/p>\n<p><b>An\u00e1lise Qu\u00edmica:<\/b><\/p>\n<p>O intuito deste processo \u00e9 verificar se os aspectos microbiol\u00f3gicos do ambiente est\u00e3o dentro do esperado. \u00c9 necess\u00e1rio levar em considera\u00e7\u00e3o a varia\u00e7\u00e3o de acordo com o ramo de atua\u00e7\u00e3o, havendo diretrizes para locais espec\u00edficos, como estabelecimentos da sa\u00fade ou do ramo aliment\u00edcio.<\/p>\n<p>Para esta etapa s\u00e3o necess\u00e1rias 4 fases para verificar a qualidade do ar:<\/p>\n<ul>\n<li style=\"font-weight: 400;\">Visita ao local<\/li>\n<li style=\"font-weight: 400;\">Coleta de amostras<\/li>\n<li style=\"font-weight: 400;\">An\u00e1lise das amostras em laborat\u00f3rio<\/li>\n<li style=\"font-weight: 400;\">Resultado da verifica\u00e7\u00e3o<\/li>\n<\/ul>\n<p>Por meio das informa\u00e7\u00f5es obtidas \u00e9 poss\u00edvel verificar se as vari\u00e1veis seguem os crit\u00e9rios exigidos pela ANVISA. Assim, garante-se um ambiente prop\u00edcio e seguro para a sa\u00fade e bem estar das pessoas. Normalmente contrata-se uma empresa para a realiza\u00e7\u00e3o desta coleta e an\u00e1lise laboratorial. Sendo indicado que ocorra periodicamente, sempre verificando o funcionamento do aparelho e a qualidade do ar.<\/p>\n<p><b>An\u00e1lise Mec\u00e2nica:<\/b><\/p>\n<p>Na etapa mec\u00e2nica ocorre a elabora\u00e7\u00e3o das diretrizes para que as empresas cumpram as normas necess\u00e1rias. Para a manuten\u00e7\u00e3o de ar condicionado algumas informa\u00e7\u00f5es devem estar no PMOC:<\/p>\n<ul>\n<li style=\"font-weight: 400;\">Identifica\u00e7\u00e3o do estabelecimento, assim como os dados do propriet\u00e1rio<\/li>\n<li style=\"font-weight: 400;\">Identifica\u00e7\u00e3o do respons\u00e1vel t\u00e9cnico<\/li>\n<li style=\"font-weight: 400;\">Identifica\u00e7\u00e3o dos ambientes climatizados<\/li>\n<li style=\"font-weight: 400;\">Identifica\u00e7\u00e3o dos aparelhos de climatiza\u00e7\u00e3o<\/li>\n<li style=\"font-weight: 400;\">Plano de Manuten\u00e7\u00e3o e Controle, de forma que contenha todos os procedimentos necess\u00e1rios para a manuten\u00e7\u00e3o de ar condicionado, assim como a periodicidade das atividades.<\/li>\n<\/ul>\n<p>Nessa parte ocorre o cadastramento dos equipamentos, onde h\u00e1 uma an\u00e1lise de cada aparelho individualmente, al\u00e9m da implementa\u00e7\u00e3o do Plano em si e a manuten\u00e7\u00e3o de ar condicionado de fato.<\/p>\n<p>Os dados s\u00e3o recolhidos pelo profissional respons\u00e1vel pela elabora\u00e7\u00e3o dos documentos. Essa fase pode ser realizada por um respons\u00e1vel t\u00e9cnico legalmente habilitado pelo seu respectivo \u00f3rg\u00e3o de classe. Alguns desses profissionais s\u00e3o engenheiros mec\u00e2nicos, assim como t\u00e9cnicos\/tecn\u00f3logos em mec\u00e2nica.<\/p>\n<p><b>Como ocorre a fiscaliza\u00e7\u00e3o<\/b><\/p>\n<p>Como citado anteriormente, o n\u00e3o cumprimento da Lei pode acarretar multas. Al\u00e9m de que, a falta da manuten\u00e7\u00e3o aumenta as chances de problemas com o aparelho, colocando em risco a sa\u00fade daqueles que o utilizam.<\/p>\n<p>Para assegurar que os estabelecimentos est\u00e3o seguindo as diretrizes necess\u00e1rias, s\u00e3o realizadas inspe\u00e7\u00f5es dos \u00f3rg\u00e3os sanit\u00e1rios. Tendo isso em vista, \u00e9 importante ter profissionais t\u00e9cnicos de confian\u00e7a e aptos para realizarem a fiscaliza\u00e7\u00e3o do sistema de climatiza\u00e7\u00e3o.<\/p>\n<p>A periodicidade das verifica\u00e7\u00f5es variam de acordo com o local:<\/p>\n<ul>\n<li style=\"font-weight: 400;\">Verifica\u00e7\u00f5es Mensais: s\u00e3o indicadas para ambientes com muitas \u00e1reas climatizadas.<\/li>\n<li style=\"font-weight: 400;\">Verifica\u00e7\u00f5es Bimestrais: s\u00e3o indicadas para resid\u00eancias, empresas ou salas comerciais.<\/li>\n<li style=\"font-weight: 400;\">Verifica\u00e7\u00f5es Semestrais: s\u00e3o indicadas para resid\u00eancias que possuem uma demanda de apenas duas manuten\u00e7\u00f5es ao ano.<\/li>\n<\/ul>\n<p><img decoding=\"async\" src=\"https:\/\/www.ejemackenzie.com.br\/wp-content\/uploads\/2021\/11\/Imagem2.png\" sizes=\"(max-width: 748px) 100vw, 748px\" srcset=\"https:\/\/www.ejemackenzie.com.br\/wp-content\/uploads\/2021\/11\/Imagem2.png 748w, https:\/\/www.ejemackenzie.com.br\/wp-content\/uploads\/2021\/11\/Imagem2-300x250.png 300w\" alt=\"\" width=\"748\" height=\"624\" \/><\/p>\n<p><strong>Benef\u00edcios da manuten\u00e7\u00e3o de ar condicionado<\/strong><\/p>\n<p>Agora que voc\u00ea j\u00e1 sabe quais s\u00e3o as etapas e a import\u00e2ncia de um plano de manuten\u00e7\u00e3o conhe\u00e7a alguns de seus benef\u00edcios.<\/p>\n<p><strong>1.\u00a0<\/strong><strong>Redu\u00e7\u00e3o do consumo de energia<\/strong><\/p>\n<p>A manuten\u00e7\u00e3o de ar condicionado feita de forma regular permite que o aparelho funcione de maneira mais apropriada. Al\u00e9m disso, com a lubrifica\u00e7\u00e3o, limpeza e manuten\u00e7\u00e3o do equipamento em dia ele trabalha dentro de suas capacidades impedindo o superaquecimento dos componentes e o entupimento dos filtros diminuindo o uso de energia el\u00e9trica. Assim a manuten\u00e7\u00e3o de ar condicionado garante a redu\u00e7\u00e3o dos gastos com a conta de luz<\/p>\n<p><strong>2. Melhoria na qualidade de vida<\/strong><\/p>\n<p>O Plano de Manuten\u00e7\u00e3o Opera\u00e7\u00e3o e Controle exige o acompanhamento peri\u00f3dico das condi\u00e7\u00f5es de limpeza, higiene e estado dos componentes do equipamento de climatiza\u00e7\u00e3o artificial. Isso diminui os riscos de contamina\u00e7\u00e3o do ar, que deve ser monitorado atrav\u00e9s da etapa de an\u00e1lise qu\u00edmica do PMOC garantindo a qualidade do ar. Esse monitoramento \u00e9 essencial para evitar doen\u00e7as causadas pela polui\u00e7\u00e3o do ar e pela prolifera\u00e7\u00e3o de fungos e bact\u00e9rias.<\/p>\n<p>Em um cen\u00e1rio de pandemia como a da covid &#8211; 19, o controle e a qualidade do ar tornaram-se ainda mais fundamentais para manuten\u00e7\u00e3o da qualidade de vida e seguran\u00e7a de todos. Seguindo os par\u00e2metros de controle impostos pela Associa\u00e7\u00e3o Nacional de Vigil\u00e2ncia Sanit\u00e1ria \u00e9 comprovado e assegurado uma maior seguran\u00e7a dos ocupantes do local.<\/p>\n<p><strong>3. Aumento da vida \u00fatil dos equipamentos<\/strong><\/p>\n<p>Com a manuten\u00e7\u00e3o de ar condicionado peri\u00f3dica \u00e9 poss\u00edvel manter as pe\u00e7as do aparelho em bom estado por mais tempo. J\u00e1 que com o acompanhamento regular do equipamento ser\u00e1 evitado o ac\u00famulo de sujeira, o que prejudicaria seu funcionamento e quando uma pe\u00e7a apresentar sinais de desgaste ou falha poder\u00e1 ser feita a manuten\u00e7\u00e3o corretiva diminuindo a chance de quebra do aparelho e aumentando sua vida \u00fatil.<\/p>\n<p><strong>4. Adequa\u00e7\u00e3o a leis e regulamenta\u00e7\u00f5es de sa\u00fade<\/strong><\/p>\n<p>Como j\u00e1 citado, o PMOC \u00e9 obrigat\u00f3rio por lei, sendo fundamental para garantir a sa\u00fade, seguran\u00e7a e legalidade de seu estabelecimento. O descumprimento dessa lei pode gerar multas que variam de R$2.000,00 at\u00e9 R$1.500.000,00 dependendo da gravidade da situa\u00e7\u00e3o. Para al\u00e9m disso, o plano de manuten\u00e7\u00e3o \u00e9 regulamentado pela Resolu\u00e7\u00e3o RE n\u00ba 9 da Anvisa que apresenta os procedimentos e indicadores para manuten\u00e7\u00e3o e qualidade do ar.<\/p>\n<p><strong>5. Aumento da produtividade<\/strong><\/p>\n<p>O Brasil \u00e9 um pa\u00eds que sofre com grandes varia\u00e7\u00f5es de temperatura nas esta\u00e7\u00f5es do ano. Temperaturas extremas tanto o calor como o frio prejudicam o desempenho e produtividade dos funcion\u00e1rios, por isso, o conforto t\u00e9rmico \u00e9 importante para o dia a dia no trabalho. Tal problema pode ser resolvido com o uso de aparelhos climatizadores de ar, o que permite a escolha de uma temperatura agrad\u00e1vel. Mas para isso, eles devem estar em bom estado de funcionamento e higiene, que s\u00e3o garantidos atrav\u00e9s da manuten\u00e7\u00e3o de ar condicionado.<\/p>\n<p><strong>Onde se aplica o procedimento<\/strong><\/p>\n<p>O PMOC \u00e9 indicado para edifica\u00e7\u00f5es de uso coletivo, abrangendo os ambientes climatizados por qualquer aparelho condicionador de ar. Alguns sistemas de climatiza\u00e7\u00e3o que necessitam dos procedimentos abordados no PMOC:<\/p>\n<ul>\n<li>Aparelhos de ar condicionado<\/li>\n<li>Torre de Resfriamento<\/li>\n<li>Bomba de Recircula\u00e7\u00e3o<\/li>\n<li>Coifa e exaustor<\/li>\n<li>Climatizadores evaporativos<\/li>\n<li>C\u00e2maras frias<\/li>\n<\/ul>\n<p><a href=\"https:\/\/www.mack.ejemackenzie.com.br\/newsletter\" data-elementor-open-lightbox=\"\"><br \/>\n<img decoding=\"async\" src=\"https:\/\/www.ejemackenzie.com.br\/wp-content\/uploads\/2021\/08\/Banner-site-8.png\" sizes=\"(max-width: 2268px) 100vw, 2268px\" srcset=\"https:\/\/www.ejemackenzie.com.br\/wp-content\/uploads\/2021\/08\/Banner-site-8.png 2268w, https:\/\/www.ejemackenzie.com.br\/wp-content\/uploads\/2021\/08\/Banner-site-8-300x25.png 300w, https:\/\/www.ejemackenzie.com.br\/wp-content\/uploads\/2021\/08\/Banner-site-8-768x64.png 768w, https:\/\/www.ejemackenzie.com.br\/wp-content\/uploads\/2021\/08\/Banner-site-8-1024x85.png 1024w\" alt=\"Banner newsletter\" width=\"2268\" height=\"189\" \/> <\/a><\/p>\n","protected":false},"excerpt":{"rendered":"<p>Isabella De Macedo e Lucas Mancilha Em um pa\u00eds tropical como o Brasil \u00e9 indispens\u00e1vel ter conforto t\u00e9rmico. Para isso a manuten\u00e7\u00e3o de ar condicionado \u00e9 essencial para que o aparelho cumpra suas fun\u00e7\u00f5es da maneira adequada e segura. Mas voc\u00ea sabe qual a import\u00e2ncia da manuten\u00e7\u00e3o do ar condicionado? PMOC \u00e9 a sigla para &hellip;<\/p>\n<p class=\"read-more\"> <a class=\"\" href=\"https:\/\/ejemackenzie.com.br\/ejem\/importancia-manutencao-de-ar-condicionado\/\"> <span class=\"screen-reader-text\">A import\u00e2ncia do PMOC na manuten\u00e7\u00e3o de ar condicionado<\/span> Leia mais &raquo;<\/a><\/p>\n","protected":false},"author":2,"featured_media":13877,"comment_status":"closed","ping_status":"open","sticky":false,"template":"","format":"standard","meta":{"site-sidebar-layout":"default","site-content-layout":"default","ast-global-header-display":"","ast-main-header-display":"","ast-hfb-above-header-display":"","ast-hfb-below-header-display":"","ast-hfb-mobile-header-display":"","site-post-title":"","ast-breadcrumbs-content":"","ast-featured-img":"","footer-sml-layout":"","theme-transparent-header-meta":"","adv-header-id-meta":"","stick-header-meta":"","header-above-stick-meta":"","header-main-stick-meta":"","header-below-stick-meta":"","_joinchat":[],"footnotes":""},"categories":[7],"tags":[],"class_list":["post-9656","post","type-post","status-publish","format-standard","has-post-thumbnail","hentry","category-geral"],"yoast_head":"<!-- This site is optimized with the Yoast SEO plugin v27.2 - https:\/\/yoast.com\/product\/yoast-seo-wordpress\/ -->\n<title>A import\u00e2ncia do PMOC na manuten\u00e7\u00e3o de ar condicionado - Ejem<\/title>\n<meta name=\"robots\" content=\"index, follow, max-snippet:-1, max-image-preview:large, max-video-preview:-1\" \/>\n<link rel=\"canonical\" href=\"https:\/\/ejemackenzie.com.br\/ejem\/importancia-manutencao-de-ar-condicionado\/\" \/>\n<meta property=\"og:locale\" content=\"pt_BR\" \/>\n<meta property=\"og:type\" content=\"article\" \/>\n<meta property=\"og:title\" content=\"A import\u00e2ncia do PMOC na manuten\u00e7\u00e3o de ar condicionado - Ejem\" \/>\n<meta property=\"og:description\" content=\"Isabella De Macedo e Lucas Mancilha Em um pa\u00eds tropical como o Brasil \u00e9 indispens\u00e1vel ter conforto t\u00e9rmico. Para isso a manuten\u00e7\u00e3o de ar condicionado \u00e9 essencial para que o aparelho cumpra suas fun\u00e7\u00f5es da maneira adequada e segura. Mas voc\u00ea sabe qual a import\u00e2ncia da manuten\u00e7\u00e3o do ar condicionado? PMOC \u00e9 a sigla para &hellip; A import\u00e2ncia do PMOC na manuten\u00e7\u00e3o de ar condicionado Leia mais &raquo;\" \/>\n<meta property=\"og:url\" content=\"https:\/\/ejemackenzie.com.br\/ejem\/importancia-manutencao-de-ar-condicionado\/\" \/>\n<meta property=\"og:site_name\" content=\"Ejem\" \/>\n<meta property=\"article:published_time\" content=\"2021-11-05T21:11:39+00:00\" \/>\n<meta property=\"article:modified_time\" content=\"2022-05-30T12:37:48+00:00\" \/>\n<meta property=\"og:image\" content=\"https:\/\/www.ejemackenzie.com.br\/wp-content\/uploads\/2021\/11\/Imagem1.png\" \/>\n<meta name=\"author\" content=\"ejem.mackenzie\" \/>\n<meta name=\"twitter:card\" content=\"summary_large_image\" \/>\n<meta name=\"twitter:label1\" content=\"Escrito por\" \/>\n\t<meta name=\"twitter:data1\" content=\"ejem.mackenzie\" \/>\n\t<meta name=\"twitter:label2\" content=\"Est. tempo de leitura\" \/>\n\t<meta name=\"twitter:data2\" content=\"7 minutos\" \/>\n<script type=\"application\/ld+json\" class=\"yoast-schema-graph\">{\"@context\":\"https:\/\/schema.org\",\"@graph\":[{\"@type\":\"Article\",\"@id\":\"https:\/\/ejemackenzie.com.br\/ejem\/importancia-manutencao-de-ar-condicionado\/#article\",\"isPartOf\":{\"@id\":\"https:\/\/ejemackenzie.com.br\/ejem\/importancia-manutencao-de-ar-condicionado\/\"},\"author\":{\"name\":\"ejem.mackenzie\",\"@id\":\"https:\/\/ejemackenzie.com.br\/ejem\/#\/schema\/person\/439f31abf29375d9ef149a4250480129\"},\"headline\":\"A import\u00e2ncia do PMOC na manuten\u00e7\u00e3o de ar condicionado\",\"datePublished\":\"2021-11-05T21:11:39+00:00\",\"dateModified\":\"2022-05-30T12:37:48+00:00\",\"mainEntityOfPage\":{\"@id\":\"https:\/\/ejemackenzie.com.br\/ejem\/importancia-manutencao-de-ar-condicionado\/\"},\"wordCount\":1448,\"publisher\":{\"@id\":\"https:\/\/ejemackenzie.com.br\/ejem\/#organization\"},\"image\":{\"@id\":\"https:\/\/ejemackenzie.com.br\/ejem\/importancia-manutencao-de-ar-condicionado\/#primaryimage\"},\"thumbnailUrl\":\"https:\/\/ejemackenzie.com.br\/ejem\/wp-content\/uploads\/2021\/11\/Imagem1.png\",\"articleSection\":[\"Geral\"],\"inLanguage\":\"pt-BR\"},{\"@type\":\"WebPage\",\"@id\":\"https:\/\/ejemackenzie.com.br\/ejem\/importancia-manutencao-de-ar-condicionado\/\",\"url\":\"https:\/\/ejemackenzie.com.br\/ejem\/importancia-manutencao-de-ar-condicionado\/\",\"name\":\"A import\u00e2ncia do PMOC na manuten\u00e7\u00e3o de ar condicionado - Ejem\",\"isPartOf\":{\"@id\":\"https:\/\/ejemackenzie.com.br\/ejem\/#website\"},\"primaryImageOfPage\":{\"@id\":\"https:\/\/ejemackenzie.com.br\/ejem\/importancia-manutencao-de-ar-condicionado\/#primaryimage\"},\"image\":{\"@id\":\"https:\/\/ejemackenzie.com.br\/ejem\/importancia-manutencao-de-ar-condicionado\/#primaryimage\"},\"thumbnailUrl\":\"https:\/\/ejemackenzie.com.br\/ejem\/wp-content\/uploads\/2021\/11\/Imagem1.png\",\"datePublished\":\"2021-11-05T21:11:39+00:00\",\"dateModified\":\"2022-05-30T12:37:48+00:00\",\"breadcrumb\":{\"@id\":\"https:\/\/ejemackenzie.com.br\/ejem\/importancia-manutencao-de-ar-condicionado\/#breadcrumb\"},\"inLanguage\":\"pt-BR\",\"potentialAction\":[{\"@type\":\"ReadAction\",\"target\":[\"https:\/\/ejemackenzie.com.br\/ejem\/importancia-manutencao-de-ar-condicionado\/\"]}]},{\"@type\":\"ImageObject\",\"inLanguage\":\"pt-BR\",\"@id\":\"https:\/\/ejemackenzie.com.br\/ejem\/importancia-manutencao-de-ar-condicionado\/#primaryimage\",\"url\":\"https:\/\/ejemackenzie.com.br\/ejem\/wp-content\/uploads\/2021\/11\/Imagem1.png\",\"contentUrl\":\"https:\/\/ejemackenzie.com.br\/ejem\/wp-content\/uploads\/2021\/11\/Imagem1.png\",\"width\":902,\"height\":602,\"caption\":\"Imagem1.png\"},{\"@type\":\"BreadcrumbList\",\"@id\":\"https:\/\/ejemackenzie.com.br\/ejem\/importancia-manutencao-de-ar-condicionado\/#breadcrumb\",\"itemListElement\":[{\"@type\":\"ListItem\",\"position\":1,\"name\":\"In\u00edcio\",\"item\":\"https:\/\/ejemackenzie.com.br\/ejem\/\"},{\"@type\":\"ListItem\",\"position\":2,\"name\":\"A import\u00e2ncia do PMOC na manuten\u00e7\u00e3o de ar condicionado\"}]},{\"@type\":\"WebSite\",\"@id\":\"https:\/\/ejemackenzie.com.br\/ejem\/#website\",\"url\":\"https:\/\/ejemackenzie.com.br\/ejem\/\",\"name\":\"Ejem\",\"description\":\"Solu\u00e7\u00f5es em Engenharia\",\"publisher\":{\"@id\":\"https:\/\/ejemackenzie.com.br\/ejem\/#organization\"},\"potentialAction\":[{\"@type\":\"SearchAction\",\"target\":{\"@type\":\"EntryPoint\",\"urlTemplate\":\"https:\/\/ejemackenzie.com.br\/ejem\/?s={search_term_string}\"},\"query-input\":{\"@type\":\"PropertyValueSpecification\",\"valueRequired\":true,\"valueName\":\"search_term_string\"}}],\"inLanguage\":\"pt-BR\"},{\"@type\":\"Organization\",\"@id\":\"https:\/\/ejemackenzie.com.br\/ejem\/#organization\",\"name\":\"Ejem\",\"url\":\"https:\/\/ejemackenzie.com.br\/ejem\/\",\"logo\":{\"@type\":\"ImageObject\",\"inLanguage\":\"pt-BR\",\"@id\":\"https:\/\/ejemackenzie.com.br\/ejem\/#\/schema\/logo\/image\/\",\"url\":\"https:\/\/ejemackenzie.com.br\/ejem\/wp-content\/uploads\/2022\/10\/cropped-logovermelho.png\",\"contentUrl\":\"https:\/\/ejemackenzie.com.br\/ejem\/wp-content\/uploads\/2022\/10\/cropped-logovermelho.png\",\"width\":1382,\"height\":674,\"caption\":\"Ejem\"},\"image\":{\"@id\":\"https:\/\/ejemackenzie.com.br\/ejem\/#\/schema\/logo\/image\/\"}},{\"@type\":\"Person\",\"@id\":\"https:\/\/ejemackenzie.com.br\/ejem\/#\/schema\/person\/439f31abf29375d9ef149a4250480129\",\"name\":\"ejem.mackenzie\",\"image\":{\"@type\":\"ImageObject\",\"inLanguage\":\"pt-BR\",\"@id\":\"https:\/\/secure.gravatar.com\/avatar\/ec0ada7ea121ee3cd1f098f16e0cd88274b688841a992967f5e7e087fc66e6de?s=96&d=mm&r=g\",\"url\":\"https:\/\/secure.gravatar.com\/avatar\/ec0ada7ea121ee3cd1f098f16e0cd88274b688841a992967f5e7e087fc66e6de?s=96&d=mm&r=g\",\"contentUrl\":\"https:\/\/secure.gravatar.com\/avatar\/ec0ada7ea121ee3cd1f098f16e0cd88274b688841a992967f5e7e087fc66e6de?s=96&d=mm&r=g\",\"caption\":\"ejem.mackenzie\"},\"url\":\"https:\/\/ejemackenzie.com.br\/ejem\/author\/ejem-mackenzie\/\"}]}<\/script>\n<!-- \/ Yoast SEO plugin. -->","yoast_head_json":{"title":"A import\u00e2ncia do PMOC na manuten\u00e7\u00e3o de ar condicionado - Ejem","robots":{"index":"index","follow":"follow","max-snippet":"max-snippet:-1","max-image-preview":"max-image-preview:large","max-video-preview":"max-video-preview:-1"},"canonical":"https:\/\/ejemackenzie.com.br\/ejem\/importancia-manutencao-de-ar-condicionado\/","og_locale":"pt_BR","og_type":"article","og_title":"A import\u00e2ncia do PMOC na manuten\u00e7\u00e3o de ar condicionado - Ejem","og_description":"Isabella De Macedo e Lucas Mancilha Em um pa\u00eds tropical como o Brasil \u00e9 indispens\u00e1vel ter conforto t\u00e9rmico. Para isso a manuten\u00e7\u00e3o de ar condicionado \u00e9 essencial para que o aparelho cumpra suas fun\u00e7\u00f5es da maneira adequada e segura. Mas voc\u00ea sabe qual a import\u00e2ncia da manuten\u00e7\u00e3o do ar condicionado? PMOC \u00e9 a sigla para &hellip; A import\u00e2ncia do PMOC na manuten\u00e7\u00e3o de ar condicionado Leia mais &raquo;","og_url":"https:\/\/ejemackenzie.com.br\/ejem\/importancia-manutencao-de-ar-condicionado\/","og_site_name":"Ejem","article_published_time":"2021-11-05T21:11:39+00:00","article_modified_time":"2022-05-30T12:37:48+00:00","og_image":[{"url":"https:\/\/www.ejemackenzie.com.br\/wp-content\/uploads\/2021\/11\/Imagem1.png","type":"","width":"","height":""}],"author":"ejem.mackenzie","twitter_card":"summary_large_image","twitter_misc":{"Escrito por":"ejem.mackenzie","Est. tempo de leitura":"7 minutos"},"schema":{"@context":"https:\/\/schema.org","@graph":[{"@type":"Article","@id":"https:\/\/ejemackenzie.com.br\/ejem\/importancia-manutencao-de-ar-condicionado\/#article","isPartOf":{"@id":"https:\/\/ejemackenzie.com.br\/ejem\/importancia-manutencao-de-ar-condicionado\/"},"author":{"name":"ejem.mackenzie","@id":"https:\/\/ejemackenzie.com.br\/ejem\/#\/schema\/person\/439f31abf29375d9ef149a4250480129"},"headline":"A import\u00e2ncia do PMOC na manuten\u00e7\u00e3o de ar condicionado","datePublished":"2021-11-05T21:11:39+00:00","dateModified":"2022-05-30T12:37:48+00:00","mainEntityOfPage":{"@id":"https:\/\/ejemackenzie.com.br\/ejem\/importancia-manutencao-de-ar-condicionado\/"},"wordCount":1448,"publisher":{"@id":"https:\/\/ejemackenzie.com.br\/ejem\/#organization"},"image":{"@id":"https:\/\/ejemackenzie.com.br\/ejem\/importancia-manutencao-de-ar-condicionado\/#primaryimage"},"thumbnailUrl":"https:\/\/ejemackenzie.com.br\/ejem\/wp-content\/uploads\/2021\/11\/Imagem1.png","articleSection":["Geral"],"inLanguage":"pt-BR"},{"@type":"WebPage","@id":"https:\/\/ejemackenzie.com.br\/ejem\/importancia-manutencao-de-ar-condicionado\/","url":"https:\/\/ejemackenzie.com.br\/ejem\/importancia-manutencao-de-ar-condicionado\/","name":"A import\u00e2ncia do PMOC na manuten\u00e7\u00e3o de ar condicionado - Ejem","isPartOf":{"@id":"https:\/\/ejemackenzie.com.br\/ejem\/#website"},"primaryImageOfPage":{"@id":"https:\/\/ejemackenzie.com.br\/ejem\/importancia-manutencao-de-ar-condicionado\/#primaryimage"},"image":{"@id":"https:\/\/ejemackenzie.com.br\/ejem\/importancia-manutencao-de-ar-condicionado\/#primaryimage"},"thumbnailUrl":"https:\/\/ejemackenzie.com.br\/ejem\/wp-content\/uploads\/2021\/11\/Imagem1.png","datePublished":"2021-11-05T21:11:39+00:00","dateModified":"2022-05-30T12:37:48+00:00","breadcrumb":{"@id":"https:\/\/ejemackenzie.com.br\/ejem\/importancia-manutencao-de-ar-condicionado\/#breadcrumb"},"inLanguage":"pt-BR","potentialAction":[{"@type":"ReadAction","target":["https:\/\/ejemackenzie.com.br\/ejem\/importancia-manutencao-de-ar-condicionado\/"]}]},{"@type":"ImageObject","inLanguage":"pt-BR","@id":"https:\/\/ejemackenzie.com.br\/ejem\/importancia-manutencao-de-ar-condicionado\/#primaryimage","url":"https:\/\/ejemackenzie.com.br\/ejem\/wp-content\/uploads\/2021\/11\/Imagem1.png","contentUrl":"https:\/\/ejemackenzie.com.br\/ejem\/wp-content\/uploads\/2021\/11\/Imagem1.png","width":902,"height":602,"caption":"Imagem1.png"},{"@type":"BreadcrumbList","@id":"https:\/\/ejemackenzie.com.br\/ejem\/importancia-manutencao-de-ar-condicionado\/#breadcrumb","itemListElement":[{"@type":"ListItem","position":1,"name":"In\u00edcio","item":"https:\/\/ejemackenzie.com.br\/ejem\/"},{"@type":"ListItem","position":2,"name":"A import\u00e2ncia do PMOC na manuten\u00e7\u00e3o de ar condicionado"}]},{"@type":"WebSite","@id":"https:\/\/ejemackenzie.com.br\/ejem\/#website","url":"https:\/\/ejemackenzie.com.br\/ejem\/","name":"Ejem","description":"Solu\u00e7\u00f5es em Engenharia","publisher":{"@id":"https:\/\/ejemackenzie.com.br\/ejem\/#organization"},"potentialAction":[{"@type":"SearchAction","target":{"@type":"EntryPoint","urlTemplate":"https:\/\/ejemackenzie.com.br\/ejem\/?s={search_term_string}"},"query-input":{"@type":"PropertyValueSpecification","valueRequired":true,"valueName":"search_term_string"}}],"inLanguage":"pt-BR"},{"@type":"Organization","@id":"https:\/\/ejemackenzie.com.br\/ejem\/#organization","name":"Ejem","url":"https:\/\/ejemackenzie.com.br\/ejem\/","logo":{"@type":"ImageObject","inLanguage":"pt-BR","@id":"https:\/\/ejemackenzie.com.br\/ejem\/#\/schema\/logo\/image\/","url":"https:\/\/ejemackenzie.com.br\/ejem\/wp-content\/uploads\/2022\/10\/cropped-logovermelho.png","contentUrl":"https:\/\/ejemackenzie.com.br\/ejem\/wp-content\/uploads\/2022\/10\/cropped-logovermelho.png","width":1382,"height":674,"caption":"Ejem"},"image":{"@id":"https:\/\/ejemackenzie.com.br\/ejem\/#\/schema\/logo\/image\/"}},{"@type":"Person","@id":"https:\/\/ejemackenzie.com.br\/ejem\/#\/schema\/person\/439f31abf29375d9ef149a4250480129","name":"ejem.mackenzie","image":{"@type":"ImageObject","inLanguage":"pt-BR","@id":"https:\/\/secure.gravatar.com\/avatar\/ec0ada7ea121ee3cd1f098f16e0cd88274b688841a992967f5e7e087fc66e6de?s=96&d=mm&r=g","url":"https:\/\/secure.gravatar.com\/avatar\/ec0ada7ea121ee3cd1f098f16e0cd88274b688841a992967f5e7e087fc66e6de?s=96&d=mm&r=g","contentUrl":"https:\/\/secure.gravatar.com\/avatar\/ec0ada7ea121ee3cd1f098f16e0cd88274b688841a992967f5e7e087fc66e6de?s=96&d=mm&r=g","caption":"ejem.mackenzie"},"url":"https:\/\/ejemackenzie.com.br\/ejem\/author\/ejem-mackenzie\/"}]}},"_links":{"self":[{"href":"https:\/\/ejemackenzie.com.br\/ejem\/wp-json\/wp\/v2\/posts\/9656","targetHints":{"allow":["GET"]}}],"collection":[{"href":"https:\/\/ejemackenzie.com.br\/ejem\/wp-json\/wp\/v2\/posts"}],"about":[{"href":"https:\/\/ejemackenzie.com.br\/ejem\/wp-json\/wp\/v2\/types\/post"}],"author":[{"embeddable":true,"href":"https:\/\/ejemackenzie.com.br\/ejem\/wp-json\/wp\/v2\/users\/2"}],"replies":[{"embeddable":true,"href":"https:\/\/ejemackenzie.com.br\/ejem\/wp-json\/wp\/v2\/comments?post=9656"}],"version-history":[{"count":1,"href":"https:\/\/ejemackenzie.com.br\/ejem\/wp-json\/wp\/v2\/posts\/9656\/revisions"}],"predecessor-version":[{"id":10494,"href":"https:\/\/ejemackenzie.com.br\/ejem\/wp-json\/wp\/v2\/posts\/9656\/revisions\/10494"}],"wp:featuredmedia":[{"embeddable":true,"href":"https:\/\/ejemackenzie.com.br\/ejem\/wp-json\/wp\/v2\/media\/13877"}],"wp:attachment":[{"href":"https:\/\/ejemackenzie.com.br\/ejem\/wp-json\/wp\/v2\/media?parent=9656"}],"wp:term":[{"taxonomy":"category","embeddable":true,"href":"https:\/\/ejemackenzie.com.br\/ejem\/wp-json\/wp\/v2\/categories?post=9656"},{"taxonomy":"post_tag","embeddable":true,"href":"https:\/\/ejemackenzie.com.br\/ejem\/wp-json\/wp\/v2\/tags?post=9656"}],"curies":[{"name":"wp","href":"https:\/\/api.w.org\/{rel}","templated":true}]}}