{"id":9653,"date":"2021-09-28T14:47:10","date_gmt":"2021-09-28T17:47:10","guid":{"rendered":"https:\/\/www.ejemackenzie.com.br\/?p=7963"},"modified":"2022-05-30T12:37:48","modified_gmt":"2022-05-30T12:37:48","slug":"3-tendencias-arquitetura-nos-proximos-anos","status":"publish","type":"post","link":"https:\/\/ejemackenzie.com.br\/ejem\/3-tendencias-arquitetura-nos-proximos-anos\/","title":{"rendered":"3 Tend\u00eancias Para a Arquitetura nos Pr\u00f3ximos Anos"},"content":{"rendered":"<h1>\u00a0<\/h1>\n<h4>Suzana Alencar<\/h4>\n<p><img fetchpriority=\"high\" decoding=\"async\" src=\"https:\/\/www.ejemackenzie.com.br\/wp-content\/uploads\/2021\/09\/Blog-Suzi.png\" sizes=\"(max-width: 328px) 100vw, 328px\" srcset=\"https:\/\/www.ejemackenzie.com.br\/wp-content\/uploads\/2021\/09\/Blog-Suzi.png 328w, https:\/\/www.ejemackenzie.com.br\/wp-content\/uploads\/2021\/09\/Blog-Suzi-200x300.png 200w\" alt=\"Pr\u00e9dio utilizando arquitetura verde e sustent\u00e1vel.\" width=\"328\" height=\"492\" \/><\/p>\n<h4><b>1.Sustentabilidade<\/b><\/h4>\n<ol>\n<li style=\"list-style-type: none;\">\n<p>\u00a0\u00a0\u00a0\u00a0\u00a0\u00a0\u00a0\u00a0\u00a0\u00a0\u00a0\u00a0\u00a0\u00a0 Um dos temas que mais tem tomado espa\u00e7o na sociedade \u00e9 a sustentabilidade. Isso significa que cidades e pa\u00edses est\u00e3o cada vez mais preocupados com o meio ambiente e as gera\u00e7\u00f5es futuras. Estas macro mudan\u00e7as se inserem no nosso cotidiano de diversas formas, principalmente nos ambientes que convivemos.<\/p>\n<p>\u00a0\u00a0\u00a0\u00a0\u00a0\u00a0\u00a0\u00a0\u00a0\u00a0\u00a0\u00a0\u00a0\u00a0 Espa\u00e7os mais abertos vem tomando conta das cidades, envolvendo a ambienta\u00e7\u00e3o natural com lugares para as pessoas coexistirem. Com a pandemia causada pelo Covid-19, ficou percept\u00edvel a necessidade das pessoas se integrarem. Um resultado dos \u00faltimos anos \u00e9 a exist\u00eancia e amplia\u00e7\u00e3o de moradias conjuntas. Esses novos espa\u00e7os possuem o objetivo de serem mais <em>eco-friendly<\/em>, valorizando o compartilhamento.\u00a0<\/p>\n<p>Dessa forma, com a <em>co-housing<\/em> \u00e9 poss\u00edvel notar que mais pessoas est\u00e3o inclinadas a viver em locais que possam compartilhar seus gastos e poupar recursos naturais, como \u00e1gua e energia el\u00e9trica. Outro ponto relevante \u00e9 o aumento de espa\u00e7os p\u00fablicos abertos, como parques, museus e ciclovias.<\/p>\n<p>\u00a0\u00a0\u00a0\u00a0\u00a0\u00a0\u00a0\u00a0\u00a0\u00a0\u00a0\u00a0\u00a0\u00a0 As constru\u00e7\u00f5es tendem progressivamente a possu\u00edrem mais luz natural, juntamente com espa\u00e7os internos abertos para que haja maior propaga\u00e7\u00e3o da ilumina\u00e7\u00e3o. As edifica\u00e7\u00f5es s\u00e3o projetadas com uma grande quantidade de vidros, servindo tanto para iluminar como para ventilar. Dessa maneira, consegue-se diminuir o uso de energia artificial.<\/p>\n<p>\u00a0\u00a0\u00a0\u00a0\u00a0\u00a0\u00a0\u00a0\u00a0\u00a0\u00a0\u00a0\u00a0\u00a0 Os materiais de constru\u00e7\u00e3o nos projetos s\u00e3o de grande import\u00e2ncia para obter uma arquitetura sustent\u00e1vel. Tecnologias como a de energia solar s\u00e3o cada vez mais utilizadas, aproximando-se de casas auto-sustent\u00e1veis. O futuro nos d\u00e1 a possibilidade de obtermos bons resultados nessa quest\u00e3o com o aumento de estudos nessa \u00e1rea.<\/p>\n<p>\u00a0\u00a0\u00a0\u00a0\u00a0\u00a0\u00a0\u00a0\u00a0\u00a0\u00a0\u00a0\u00a0\u00a0 Diante de todas essas mudan\u00e7as, a \u00e1rea externa de constru\u00e7\u00f5es tamb\u00e9m tem adotado esse estilo sustent\u00e1vel. Arquitetos e engenheiros incorporam esses valores por meio do <em>green buildings<\/em>. Seu design possui materiais reciclados e jardins verticais, indicando um lugar mais vivo. A adi\u00e7\u00e3o de plantas vem crescendo tanto externamente como internamente, utilizado em casas, escolas e escrit\u00f3rios.<\/p>\n<p>As redes sociais t\u00eam sido uma das chaves para determinar o modo como nossos espa\u00e7os ser\u00e3o. Dessa maneira, juntamente com a exist\u00eancia de plantas, ambientes mais coloridos est\u00e3o invadindo espa\u00e7os. Isso se explica pelo fato das m\u00eddias sociais serem uma ferramenta para divulgar lugares e, assim, atrair pessoas. Com isso, \u00e9 poss\u00edvel trazer a biodiversidade para as cidades.<\/p>\n<\/li>\n<\/ol>\n<p><img decoding=\"async\" src=\"https:\/\/www.ejemackenzie.com.br\/wp-content\/uploads\/2021\/09\/blog-suzi-2.png\" sizes=\"(max-width: 346px) 100vw, 346px\" srcset=\"https:\/\/www.ejemackenzie.com.br\/wp-content\/uploads\/2021\/09\/blog-suzi-2.png 346w, https:\/\/www.ejemackenzie.com.br\/wp-content\/uploads\/2021\/09\/blog-suzi-2-300x225.png 300w\" alt=\"\" width=\"346\" height=\"260\" \/><\/p>\n<h4><strong>2. Constru\u00e7\u00e3o Inteligente (automa\u00e7\u00e3o dos ambientes)<\/strong><\/h4>\n<p>\u00a0\u00a0\u00a0\u00a0\u00a0\u00a0\u00a0\u00a0\u00a0\u00a0\u00a0\u00a0\u00a0\u00a0 A automa\u00e7\u00e3o de ambientes \u00e9 uma das apostas para o futuro. As cidades inteligentes exigem cada vez mais de um planejamento urbano para que ela possa funcionar com efici\u00eancia. Por isso, ela \u00e9 projetada para utilizar cada vez mais tecnologia na resolu\u00e7\u00e3o de problemas. Al\u00e9m disso, ela serve como ferramenta para melhorar a qualidade de vida das pessoas.<\/p>\n<p>Com a an\u00e1lise de dados \u00e9 poss\u00edvel observar quais \u00e1reas podem ser melhoradas e as dificuldades que os locais est\u00e3o enfrentando. O uso de indicadores auxilia em diversos aspectos das nossas vidas: economia, seguran\u00e7a, sa\u00fade, meio ambiente e empregos.<\/p>\n<p>Sistemas integrados, a inova\u00e7\u00e3o da tecnologia inteligente, tem como objetivo centralizar as solu\u00e7\u00f5es em tempo real. Diversas empresas t\u00eam tido como foco automatizar ambientes de casas e escrit\u00f3rios. Esses equipamentos e dispositivos t\u00eam como intuito otimizar espa\u00e7os e garantir maior facilidade na realiza\u00e7\u00e3o de tarefas. Al\u00e9m disso, garante cada vez mais seguran\u00e7a para o local.<\/p>\n<p>Para isso, faz-se o uso das redes wireless, como o Wi-Fi, para integrar os lugares. Assim, \u00e9 poss\u00edvel automatizar l\u00e2mpadas, podendo controlar o n\u00edvel de sua luminosidade e sua cor; persianas e cortinas, abrindo ou fechando a partir do celular. A conex\u00e3o de aparelhos eletr\u00f4nicos como caixas de som e televis\u00f5es \u00e9 o mais comum ultimamente, podendo distribuir esses sons por toda a casa. Al\u00e9m disso, \u00e9 poss\u00edvel controlar toda a temperatura da casa por meio de aplicativos, ajustando-a mesmo se n\u00e3o estiver presente.<\/p>\n<p>No que tange a seguran\u00e7a, h\u00e1 possibilidade da instala\u00e7\u00e3o de biometria para abertura das portas, al\u00e9m de uma maior fiscaliza\u00e7\u00e3o por meio de c\u00e2meras. Com esses sensores, consegue-se saber quando h\u00e1 algum tipo de fuma\u00e7a presente no local.<\/p>\n<p>Os benef\u00edcios de um espa\u00e7o inteligente s\u00e3o diversos. As necessidades s\u00e3o supridas com maior comodidade e praticidade, uma vez que com um simples toque \u00e9 poss\u00edvel resolver um problema. Tamb\u00e9m, possui maior facilidade na hora de economizar energia.\u00a0<\/p>\n<p>Uma das empresas que mais t\u00eam crescido nesse ramo \u00e9 a Amazon, sendo utilizada cada vez mais para a compra e instala\u00e7\u00e3o de eletrodom\u00e9sticos.<\/p>\n<p>Outro ponto crucial para os pr\u00f3ximos anos \u00e9 a utiliza\u00e7\u00e3o da tecnologia 3D na arquitetura para melhorar a visualiza\u00e7\u00e3o e experi\u00eancia de uma pessoa com um novo projeto. Desse modo, com a ajuda de softwares, a realidade virtual t\u00eam sido uma ferramenta para a apresenta\u00e7\u00e3o de projetos. A arquitetura digital proporcionar\u00e1 crescentemente facilidade para execu\u00e7\u00e3o de constru\u00e7\u00f5es, al\u00e9m de maior intera\u00e7\u00e3o da pessoa com o futuro local.<\/p>\n<p><img decoding=\"async\" src=\"https:\/\/www.ejemackenzie.com.br\/wp-content\/uploads\/2021\/09\/suzi-3.png\" sizes=\"(max-width: 317px) 100vw, 317px\" srcset=\"https:\/\/www.ejemackenzie.com.br\/wp-content\/uploads\/2021\/09\/suzi-3.png 317w, https:\/\/www.ejemackenzie.com.br\/wp-content\/uploads\/2021\/09\/suzi-3-199x300.png 199w\" alt=\"Restaurante que contempla a arquitetura industrial.\" width=\"317\" height=\"479\" \/><\/p>\n<h4><strong>3. Estilo industrial<\/strong><\/h4>\n<p>\u00a0\u00a0\u00a0\u00a0\u00a0\u00a0\u00a0\u00a0\u00a0\u00a0\u00a0\u00a0\u00a0\u00a0 O <a href=\"https:\/\/revistacasaejardim.globo.com\/Casa-e-Jardim\/Decoracao\/Ideias\/noticia\/2019\/06\/conheca-caracteristicas-do-estilo-industrial-e-saiba-como-aplica-lo-na-sua-casa.html\">Estilo Industrial<\/a> t\u00eam sido um grande influenciador na arquitetura moderna, uma vez que houve transforma\u00e7\u00e3o de espa\u00e7os antigos em novos. Diante disso, casas, pr\u00e9dios, bares, restaurantes e lojas t\u00eam apostado nesse estilo.<\/p>\n<p>\u00a0\u00a0\u00a0\u00a0\u00a0\u00a0\u00a0\u00a0\u00a0\u00a0\u00a0\u00a0\u00a0\u00a0 Suas caracter\u00edsticas s\u00e3o not\u00f3rias, possuindo grandes ambientes que acabam se integrando, se inspirando em lofts e\/ou galp\u00f5es. Por isso, dentro de uma casa ou restaurante, \u00e9 percept\u00edvel a visualiza\u00e7\u00e3o de uma cozinha aberta, conseguindo enxergar o que acontece no local.<\/p>\n<p>\u00a0\u00a0\u00a0\u00a0\u00a0\u00a0\u00a0\u00a0\u00a0\u00a0\u00a0\u00a0\u00a0\u00a0 Al\u00e9m disso, esse tipo de decora\u00e7\u00e3o conta com portas e janelas amplas, para que haja luz e ventila\u00e7\u00e3o natural. Os materiais utilizados remetem a algo mais desgastado e que sejam de a\u00e7o ou ferro. A ilumina\u00e7\u00e3o artificial \u00e9 feita com lustres bem aparentes, sendo normalmente pretos e foscos.\u00a0<\/p>\n<p>\u00a0\u00a0\u00a0\u00a0\u00a0\u00a0\u00a0\u00a0\u00a0\u00a0\u00a0\u00a0\u00a0\u00a0 As cores utilizadas costumam ser mais neutras, mas uma tend\u00eancia tem sido incrementar com alguns pontos coloridos, como um quadro de arte. Para as paredes, \u00e9 utilizado tijolos expostos com aspecto r\u00fastico ou cimento queimado, que traz o sentimento de um ambiente mais fechado.<\/p>\n<p>Tanto internamente como externamente, h\u00e1 utiliza\u00e7\u00e3o do concreto aparente, principalmente em pilares, remetendo ao estilo da arquiteta Lina Bo Bardi. O ch\u00e3o de uma arquitetura industrial pode contemplar tanto um piso de concreto como de madeira.<\/p>\n<p>\u00a0\u00a0\u00a0\u00a0\u00a0\u00a0\u00a0\u00a0\u00a0\u00a0\u00a0\u00a0\u00a0\u00a0 Uma das caracter\u00edsticas mais marcantes \u00e9 a tubula\u00e7\u00e3o aparente, deixando toda a sua infraestrutura exposta. Ela coloca em contraposi\u00e7\u00e3o a maioria dos estilos que conhecemos, que tem como objetivo esconder esses elementos. Eles podem ser decorados com as cores que combinam com o ambiente, costumando ser preto em lugares mais neutros e coloridos para mais extravagantes.<\/p>\n<p>\u00a0\u00a0\u00a0\u00a0\u00a0\u00a0\u00a0\u00a0\u00a0\u00a0\u00a0\u00a0\u00a0\u00a0 A madeira serve como um contraste do metal para esse estilo, balanceando os tons quentes e frios para criar harmonia. Cada detalhe nesse estilo \u00e9 marcante e tem sua import\u00e2ncia. Por isso, \u00e9 bastante utilizado m\u00f3veis que contemplem os dois materiais. Al\u00e9m desses, \u00e9 poss\u00edvel usufruir de alguns detalhes que sejam mais r\u00fasticos, como poltronas de couro marrom.<\/p>\n<p>\u00a0\u00a0\u00a0\u00a0\u00a0\u00a0\u00a0\u00a0\u00a0\u00a0\u00a0\u00a0\u00a0\u00a0 A combina\u00e7\u00e3o de todos esses elementos faz com que a arquitetura industrial esteja t\u00e3o presente nos dias atuais e continue evoluindo de acordo com novas tend\u00eancias<a href=\"https:\/\/www.mack.ejemackenzie.com.br\/newsletter\" data-elementor-open-lightbox=\"\"><br \/><img loading=\"lazy\" decoding=\"async\" src=\"https:\/\/www.ejemackenzie.com.br\/wp-content\/uploads\/2021\/08\/Banner-site-8.png\" sizes=\"(max-width: 2268px) 100vw, 2268px\" srcset=\"https:\/\/www.ejemackenzie.com.br\/wp-content\/uploads\/2021\/08\/Banner-site-8.png 2268w, https:\/\/www.ejemackenzie.com.br\/wp-content\/uploads\/2021\/08\/Banner-site-8-300x25.png 300w, https:\/\/www.ejemackenzie.com.br\/wp-content\/uploads\/2021\/08\/Banner-site-8-768x64.png 768w, https:\/\/www.ejemackenzie.com.br\/wp-content\/uploads\/2021\/08\/Banner-site-8-1024x85.png 1024w\" alt=\"Banner newsletter\" width=\"2268\" height=\"189\" \/> <\/a><\/p>\n\n\n<p><\/p>\n","protected":false},"excerpt":{"rendered":"<p>\u00a0 Suzana Alencar 1.Sustentabilidade \u00a0\u00a0\u00a0\u00a0\u00a0\u00a0\u00a0\u00a0\u00a0\u00a0\u00a0\u00a0\u00a0\u00a0 Um dos temas que mais tem tomado espa\u00e7o na sociedade \u00e9 a sustentabilidade. Isso significa que cidades e pa\u00edses est\u00e3o cada vez mais preocupados com o meio ambiente e as gera\u00e7\u00f5es futuras. Estas macro mudan\u00e7as se inserem no nosso cotidiano de diversas formas, principalmente nos ambientes que convivemos. \u00a0\u00a0\u00a0\u00a0\u00a0\u00a0\u00a0\u00a0\u00a0\u00a0\u00a0\u00a0\u00a0\u00a0 Espa\u00e7os &hellip;<\/p>\n<p class=\"read-more\"> <a class=\"\" href=\"https:\/\/ejemackenzie.com.br\/ejem\/3-tendencias-arquitetura-nos-proximos-anos\/\"> <span class=\"screen-reader-text\">3 Tend\u00eancias Para a Arquitetura nos Pr\u00f3ximos Anos<\/span> Leia mais &raquo;<\/a><\/p>\n","protected":false},"author":2,"featured_media":13860,"comment_status":"closed","ping_status":"open","sticky":false,"template":"","format":"standard","meta":{"site-sidebar-layout":"default","site-content-layout":"default","ast-global-header-display":"","ast-main-header-display":"","ast-hfb-above-header-display":"","ast-hfb-below-header-display":"","ast-hfb-mobile-header-display":"","site-post-title":"","ast-breadcrumbs-content":"","ast-featured-img":"","footer-sml-layout":"","theme-transparent-header-meta":"","adv-header-id-meta":"","stick-header-meta":"","header-above-stick-meta":"","header-main-stick-meta":"","header-below-stick-meta":"","_joinchat":[],"footnotes":""},"categories":[7],"tags":[],"class_list":["post-9653","post","type-post","status-publish","format-standard","has-post-thumbnail","hentry","category-geral"],"yoast_head":"<!-- This site is optimized with the Yoast SEO plugin v27.2 - https:\/\/yoast.com\/product\/yoast-seo-wordpress\/ -->\n<title>3 Tend\u00eancias Para a Arquitetura nos Pr\u00f3ximos Anos - Ejem<\/title>\n<meta name=\"robots\" content=\"index, follow, max-snippet:-1, max-image-preview:large, max-video-preview:-1\" \/>\n<link rel=\"canonical\" href=\"https:\/\/ejemackenzie.com.br\/ejem\/3-tendencias-arquitetura-nos-proximos-anos\/\" \/>\n<meta property=\"og:locale\" content=\"pt_BR\" \/>\n<meta property=\"og:type\" content=\"article\" \/>\n<meta property=\"og:title\" content=\"3 Tend\u00eancias Para a Arquitetura nos Pr\u00f3ximos Anos - Ejem\" \/>\n<meta property=\"og:description\" content=\"\u00a0 Suzana Alencar 1.Sustentabilidade \u00a0\u00a0\u00a0\u00a0\u00a0\u00a0\u00a0\u00a0\u00a0\u00a0\u00a0\u00a0\u00a0\u00a0 Um dos temas que mais tem tomado espa\u00e7o na sociedade \u00e9 a sustentabilidade. Isso significa que cidades e pa\u00edses est\u00e3o cada vez mais preocupados com o meio ambiente e as gera\u00e7\u00f5es futuras. Estas macro mudan\u00e7as se inserem no nosso cotidiano de diversas formas, principalmente nos ambientes que convivemos. \u00a0\u00a0\u00a0\u00a0\u00a0\u00a0\u00a0\u00a0\u00a0\u00a0\u00a0\u00a0\u00a0\u00a0 Espa\u00e7os &hellip; 3 Tend\u00eancias Para a Arquitetura nos Pr\u00f3ximos Anos Leia mais &raquo;\" \/>\n<meta property=\"og:url\" content=\"https:\/\/ejemackenzie.com.br\/ejem\/3-tendencias-arquitetura-nos-proximos-anos\/\" \/>\n<meta property=\"og:site_name\" content=\"Ejem\" \/>\n<meta property=\"article:published_time\" content=\"2021-09-28T17:47:10+00:00\" \/>\n<meta property=\"article:modified_time\" content=\"2022-05-30T12:37:48+00:00\" \/>\n<meta property=\"og:image\" content=\"https:\/\/www.ejemackenzie.com.br\/wp-content\/uploads\/2021\/09\/Blog-Suzi.png\" \/>\n<meta name=\"author\" content=\"ejem.mackenzie\" \/>\n<meta name=\"twitter:card\" content=\"summary_large_image\" \/>\n<meta name=\"twitter:label1\" content=\"Escrito por\" \/>\n\t<meta name=\"twitter:data1\" content=\"ejem.mackenzie\" \/>\n\t<meta name=\"twitter:label2\" content=\"Est. tempo de leitura\" \/>\n\t<meta name=\"twitter:data2\" content=\"6 minutos\" \/>\n<script type=\"application\/ld+json\" class=\"yoast-schema-graph\">{\"@context\":\"https:\/\/schema.org\",\"@graph\":[{\"@type\":\"Article\",\"@id\":\"https:\/\/ejemackenzie.com.br\/ejem\/3-tendencias-arquitetura-nos-proximos-anos\/#article\",\"isPartOf\":{\"@id\":\"https:\/\/ejemackenzie.com.br\/ejem\/3-tendencias-arquitetura-nos-proximos-anos\/\"},\"author\":{\"name\":\"ejem.mackenzie\",\"@id\":\"https:\/\/ejemackenzie.com.br\/ejem\/#\/schema\/person\/439f31abf29375d9ef149a4250480129\"},\"headline\":\"3 Tend\u00eancias Para a Arquitetura nos Pr\u00f3ximos Anos\",\"datePublished\":\"2021-09-28T17:47:10+00:00\",\"dateModified\":\"2022-05-30T12:37:48+00:00\",\"mainEntityOfPage\":{\"@id\":\"https:\/\/ejemackenzie.com.br\/ejem\/3-tendencias-arquitetura-nos-proximos-anos\/\"},\"wordCount\":1234,\"publisher\":{\"@id\":\"https:\/\/ejemackenzie.com.br\/ejem\/#organization\"},\"image\":{\"@id\":\"https:\/\/ejemackenzie.com.br\/ejem\/3-tendencias-arquitetura-nos-proximos-anos\/#primaryimage\"},\"thumbnailUrl\":\"https:\/\/ejemackenzie.com.br\/ejem\/wp-content\/uploads\/2021\/09\/Blog-Suzi.png\",\"articleSection\":[\"Geral\"],\"inLanguage\":\"pt-BR\"},{\"@type\":\"WebPage\",\"@id\":\"https:\/\/ejemackenzie.com.br\/ejem\/3-tendencias-arquitetura-nos-proximos-anos\/\",\"url\":\"https:\/\/ejemackenzie.com.br\/ejem\/3-tendencias-arquitetura-nos-proximos-anos\/\",\"name\":\"3 Tend\u00eancias Para a Arquitetura nos Pr\u00f3ximos Anos - Ejem\",\"isPartOf\":{\"@id\":\"https:\/\/ejemackenzie.com.br\/ejem\/#website\"},\"primaryImageOfPage\":{\"@id\":\"https:\/\/ejemackenzie.com.br\/ejem\/3-tendencias-arquitetura-nos-proximos-anos\/#primaryimage\"},\"image\":{\"@id\":\"https:\/\/ejemackenzie.com.br\/ejem\/3-tendencias-arquitetura-nos-proximos-anos\/#primaryimage\"},\"thumbnailUrl\":\"https:\/\/ejemackenzie.com.br\/ejem\/wp-content\/uploads\/2021\/09\/Blog-Suzi.png\",\"datePublished\":\"2021-09-28T17:47:10+00:00\",\"dateModified\":\"2022-05-30T12:37:48+00:00\",\"breadcrumb\":{\"@id\":\"https:\/\/ejemackenzie.com.br\/ejem\/3-tendencias-arquitetura-nos-proximos-anos\/#breadcrumb\"},\"inLanguage\":\"pt-BR\",\"potentialAction\":[{\"@type\":\"ReadAction\",\"target\":[\"https:\/\/ejemackenzie.com.br\/ejem\/3-tendencias-arquitetura-nos-proximos-anos\/\"]}]},{\"@type\":\"ImageObject\",\"inLanguage\":\"pt-BR\",\"@id\":\"https:\/\/ejemackenzie.com.br\/ejem\/3-tendencias-arquitetura-nos-proximos-anos\/#primaryimage\",\"url\":\"https:\/\/ejemackenzie.com.br\/ejem\/wp-content\/uploads\/2021\/09\/Blog-Suzi.png\",\"contentUrl\":\"https:\/\/ejemackenzie.com.br\/ejem\/wp-content\/uploads\/2021\/09\/Blog-Suzi.png\",\"width\":328,\"height\":492,\"caption\":\"Pr\u00e9dio utilizando arquitetura verde e sustent\u00e1vel.\"},{\"@type\":\"BreadcrumbList\",\"@id\":\"https:\/\/ejemackenzie.com.br\/ejem\/3-tendencias-arquitetura-nos-proximos-anos\/#breadcrumb\",\"itemListElement\":[{\"@type\":\"ListItem\",\"position\":1,\"name\":\"In\u00edcio\",\"item\":\"https:\/\/ejemackenzie.com.br\/ejem\/\"},{\"@type\":\"ListItem\",\"position\":2,\"name\":\"3 Tend\u00eancias Para a Arquitetura nos Pr\u00f3ximos Anos\"}]},{\"@type\":\"WebSite\",\"@id\":\"https:\/\/ejemackenzie.com.br\/ejem\/#website\",\"url\":\"https:\/\/ejemackenzie.com.br\/ejem\/\",\"name\":\"Ejem\",\"description\":\"Solu\u00e7\u00f5es em Engenharia\",\"publisher\":{\"@id\":\"https:\/\/ejemackenzie.com.br\/ejem\/#organization\"},\"potentialAction\":[{\"@type\":\"SearchAction\",\"target\":{\"@type\":\"EntryPoint\",\"urlTemplate\":\"https:\/\/ejemackenzie.com.br\/ejem\/?s={search_term_string}\"},\"query-input\":{\"@type\":\"PropertyValueSpecification\",\"valueRequired\":true,\"valueName\":\"search_term_string\"}}],\"inLanguage\":\"pt-BR\"},{\"@type\":\"Organization\",\"@id\":\"https:\/\/ejemackenzie.com.br\/ejem\/#organization\",\"name\":\"Ejem\",\"url\":\"https:\/\/ejemackenzie.com.br\/ejem\/\",\"logo\":{\"@type\":\"ImageObject\",\"inLanguage\":\"pt-BR\",\"@id\":\"https:\/\/ejemackenzie.com.br\/ejem\/#\/schema\/logo\/image\/\",\"url\":\"https:\/\/ejemackenzie.com.br\/ejem\/wp-content\/uploads\/2022\/10\/cropped-logovermelho.png\",\"contentUrl\":\"https:\/\/ejemackenzie.com.br\/ejem\/wp-content\/uploads\/2022\/10\/cropped-logovermelho.png\",\"width\":1382,\"height\":674,\"caption\":\"Ejem\"},\"image\":{\"@id\":\"https:\/\/ejemackenzie.com.br\/ejem\/#\/schema\/logo\/image\/\"}},{\"@type\":\"Person\",\"@id\":\"https:\/\/ejemackenzie.com.br\/ejem\/#\/schema\/person\/439f31abf29375d9ef149a4250480129\",\"name\":\"ejem.mackenzie\",\"image\":{\"@type\":\"ImageObject\",\"inLanguage\":\"pt-BR\",\"@id\":\"https:\/\/secure.gravatar.com\/avatar\/ec0ada7ea121ee3cd1f098f16e0cd88274b688841a992967f5e7e087fc66e6de?s=96&d=mm&r=g\",\"url\":\"https:\/\/secure.gravatar.com\/avatar\/ec0ada7ea121ee3cd1f098f16e0cd88274b688841a992967f5e7e087fc66e6de?s=96&d=mm&r=g\",\"contentUrl\":\"https:\/\/secure.gravatar.com\/avatar\/ec0ada7ea121ee3cd1f098f16e0cd88274b688841a992967f5e7e087fc66e6de?s=96&d=mm&r=g\",\"caption\":\"ejem.mackenzie\"},\"url\":\"https:\/\/ejemackenzie.com.br\/ejem\/author\/ejem-mackenzie\/\"}]}<\/script>\n<!-- \/ Yoast SEO plugin. -->","yoast_head_json":{"title":"3 Tend\u00eancias Para a Arquitetura nos Pr\u00f3ximos Anos - Ejem","robots":{"index":"index","follow":"follow","max-snippet":"max-snippet:-1","max-image-preview":"max-image-preview:large","max-video-preview":"max-video-preview:-1"},"canonical":"https:\/\/ejemackenzie.com.br\/ejem\/3-tendencias-arquitetura-nos-proximos-anos\/","og_locale":"pt_BR","og_type":"article","og_title":"3 Tend\u00eancias Para a Arquitetura nos Pr\u00f3ximos Anos - Ejem","og_description":"\u00a0 Suzana Alencar 1.Sustentabilidade \u00a0\u00a0\u00a0\u00a0\u00a0\u00a0\u00a0\u00a0\u00a0\u00a0\u00a0\u00a0\u00a0\u00a0 Um dos temas que mais tem tomado espa\u00e7o na sociedade \u00e9 a sustentabilidade. Isso significa que cidades e pa\u00edses est\u00e3o cada vez mais preocupados com o meio ambiente e as gera\u00e7\u00f5es futuras. Estas macro mudan\u00e7as se inserem no nosso cotidiano de diversas formas, principalmente nos ambientes que convivemos. \u00a0\u00a0\u00a0\u00a0\u00a0\u00a0\u00a0\u00a0\u00a0\u00a0\u00a0\u00a0\u00a0\u00a0 Espa\u00e7os &hellip; 3 Tend\u00eancias Para a Arquitetura nos Pr\u00f3ximos Anos Leia mais &raquo;","og_url":"https:\/\/ejemackenzie.com.br\/ejem\/3-tendencias-arquitetura-nos-proximos-anos\/","og_site_name":"Ejem","article_published_time":"2021-09-28T17:47:10+00:00","article_modified_time":"2022-05-30T12:37:48+00:00","og_image":[{"url":"https:\/\/www.ejemackenzie.com.br\/wp-content\/uploads\/2021\/09\/Blog-Suzi.png","type":"","width":"","height":""}],"author":"ejem.mackenzie","twitter_card":"summary_large_image","twitter_misc":{"Escrito por":"ejem.mackenzie","Est. tempo de leitura":"6 minutos"},"schema":{"@context":"https:\/\/schema.org","@graph":[{"@type":"Article","@id":"https:\/\/ejemackenzie.com.br\/ejem\/3-tendencias-arquitetura-nos-proximos-anos\/#article","isPartOf":{"@id":"https:\/\/ejemackenzie.com.br\/ejem\/3-tendencias-arquitetura-nos-proximos-anos\/"},"author":{"name":"ejem.mackenzie","@id":"https:\/\/ejemackenzie.com.br\/ejem\/#\/schema\/person\/439f31abf29375d9ef149a4250480129"},"headline":"3 Tend\u00eancias Para a Arquitetura nos Pr\u00f3ximos Anos","datePublished":"2021-09-28T17:47:10+00:00","dateModified":"2022-05-30T12:37:48+00:00","mainEntityOfPage":{"@id":"https:\/\/ejemackenzie.com.br\/ejem\/3-tendencias-arquitetura-nos-proximos-anos\/"},"wordCount":1234,"publisher":{"@id":"https:\/\/ejemackenzie.com.br\/ejem\/#organization"},"image":{"@id":"https:\/\/ejemackenzie.com.br\/ejem\/3-tendencias-arquitetura-nos-proximos-anos\/#primaryimage"},"thumbnailUrl":"https:\/\/ejemackenzie.com.br\/ejem\/wp-content\/uploads\/2021\/09\/Blog-Suzi.png","articleSection":["Geral"],"inLanguage":"pt-BR"},{"@type":"WebPage","@id":"https:\/\/ejemackenzie.com.br\/ejem\/3-tendencias-arquitetura-nos-proximos-anos\/","url":"https:\/\/ejemackenzie.com.br\/ejem\/3-tendencias-arquitetura-nos-proximos-anos\/","name":"3 Tend\u00eancias Para a Arquitetura nos Pr\u00f3ximos Anos - Ejem","isPartOf":{"@id":"https:\/\/ejemackenzie.com.br\/ejem\/#website"},"primaryImageOfPage":{"@id":"https:\/\/ejemackenzie.com.br\/ejem\/3-tendencias-arquitetura-nos-proximos-anos\/#primaryimage"},"image":{"@id":"https:\/\/ejemackenzie.com.br\/ejem\/3-tendencias-arquitetura-nos-proximos-anos\/#primaryimage"},"thumbnailUrl":"https:\/\/ejemackenzie.com.br\/ejem\/wp-content\/uploads\/2021\/09\/Blog-Suzi.png","datePublished":"2021-09-28T17:47:10+00:00","dateModified":"2022-05-30T12:37:48+00:00","breadcrumb":{"@id":"https:\/\/ejemackenzie.com.br\/ejem\/3-tendencias-arquitetura-nos-proximos-anos\/#breadcrumb"},"inLanguage":"pt-BR","potentialAction":[{"@type":"ReadAction","target":["https:\/\/ejemackenzie.com.br\/ejem\/3-tendencias-arquitetura-nos-proximos-anos\/"]}]},{"@type":"ImageObject","inLanguage":"pt-BR","@id":"https:\/\/ejemackenzie.com.br\/ejem\/3-tendencias-arquitetura-nos-proximos-anos\/#primaryimage","url":"https:\/\/ejemackenzie.com.br\/ejem\/wp-content\/uploads\/2021\/09\/Blog-Suzi.png","contentUrl":"https:\/\/ejemackenzie.com.br\/ejem\/wp-content\/uploads\/2021\/09\/Blog-Suzi.png","width":328,"height":492,"caption":"Pr\u00e9dio utilizando arquitetura verde e sustent\u00e1vel."},{"@type":"BreadcrumbList","@id":"https:\/\/ejemackenzie.com.br\/ejem\/3-tendencias-arquitetura-nos-proximos-anos\/#breadcrumb","itemListElement":[{"@type":"ListItem","position":1,"name":"In\u00edcio","item":"https:\/\/ejemackenzie.com.br\/ejem\/"},{"@type":"ListItem","position":2,"name":"3 Tend\u00eancias Para a Arquitetura nos Pr\u00f3ximos Anos"}]},{"@type":"WebSite","@id":"https:\/\/ejemackenzie.com.br\/ejem\/#website","url":"https:\/\/ejemackenzie.com.br\/ejem\/","name":"Ejem","description":"Solu\u00e7\u00f5es em Engenharia","publisher":{"@id":"https:\/\/ejemackenzie.com.br\/ejem\/#organization"},"potentialAction":[{"@type":"SearchAction","target":{"@type":"EntryPoint","urlTemplate":"https:\/\/ejemackenzie.com.br\/ejem\/?s={search_term_string}"},"query-input":{"@type":"PropertyValueSpecification","valueRequired":true,"valueName":"search_term_string"}}],"inLanguage":"pt-BR"},{"@type":"Organization","@id":"https:\/\/ejemackenzie.com.br\/ejem\/#organization","name":"Ejem","url":"https:\/\/ejemackenzie.com.br\/ejem\/","logo":{"@type":"ImageObject","inLanguage":"pt-BR","@id":"https:\/\/ejemackenzie.com.br\/ejem\/#\/schema\/logo\/image\/","url":"https:\/\/ejemackenzie.com.br\/ejem\/wp-content\/uploads\/2022\/10\/cropped-logovermelho.png","contentUrl":"https:\/\/ejemackenzie.com.br\/ejem\/wp-content\/uploads\/2022\/10\/cropped-logovermelho.png","width":1382,"height":674,"caption":"Ejem"},"image":{"@id":"https:\/\/ejemackenzie.com.br\/ejem\/#\/schema\/logo\/image\/"}},{"@type":"Person","@id":"https:\/\/ejemackenzie.com.br\/ejem\/#\/schema\/person\/439f31abf29375d9ef149a4250480129","name":"ejem.mackenzie","image":{"@type":"ImageObject","inLanguage":"pt-BR","@id":"https:\/\/secure.gravatar.com\/avatar\/ec0ada7ea121ee3cd1f098f16e0cd88274b688841a992967f5e7e087fc66e6de?s=96&d=mm&r=g","url":"https:\/\/secure.gravatar.com\/avatar\/ec0ada7ea121ee3cd1f098f16e0cd88274b688841a992967f5e7e087fc66e6de?s=96&d=mm&r=g","contentUrl":"https:\/\/secure.gravatar.com\/avatar\/ec0ada7ea121ee3cd1f098f16e0cd88274b688841a992967f5e7e087fc66e6de?s=96&d=mm&r=g","caption":"ejem.mackenzie"},"url":"https:\/\/ejemackenzie.com.br\/ejem\/author\/ejem-mackenzie\/"}]}},"_links":{"self":[{"href":"https:\/\/ejemackenzie.com.br\/ejem\/wp-json\/wp\/v2\/posts\/9653","targetHints":{"allow":["GET"]}}],"collection":[{"href":"https:\/\/ejemackenzie.com.br\/ejem\/wp-json\/wp\/v2\/posts"}],"about":[{"href":"https:\/\/ejemackenzie.com.br\/ejem\/wp-json\/wp\/v2\/types\/post"}],"author":[{"embeddable":true,"href":"https:\/\/ejemackenzie.com.br\/ejem\/wp-json\/wp\/v2\/users\/2"}],"replies":[{"embeddable":true,"href":"https:\/\/ejemackenzie.com.br\/ejem\/wp-json\/wp\/v2\/comments?post=9653"}],"version-history":[{"count":1,"href":"https:\/\/ejemackenzie.com.br\/ejem\/wp-json\/wp\/v2\/posts\/9653\/revisions"}],"predecessor-version":[{"id":10497,"href":"https:\/\/ejemackenzie.com.br\/ejem\/wp-json\/wp\/v2\/posts\/9653\/revisions\/10497"}],"wp:featuredmedia":[{"embeddable":true,"href":"https:\/\/ejemackenzie.com.br\/ejem\/wp-json\/wp\/v2\/media\/13860"}],"wp:attachment":[{"href":"https:\/\/ejemackenzie.com.br\/ejem\/wp-json\/wp\/v2\/media?parent=9653"}],"wp:term":[{"taxonomy":"category","embeddable":true,"href":"https:\/\/ejemackenzie.com.br\/ejem\/wp-json\/wp\/v2\/categories?post=9653"},{"taxonomy":"post_tag","embeddable":true,"href":"https:\/\/ejemackenzie.com.br\/ejem\/wp-json\/wp\/v2\/tags?post=9653"}],"curies":[{"name":"wp","href":"https:\/\/api.w.org\/{rel}","templated":true}]}}