{"id":9646,"date":"2021-08-19T13:36:29","date_gmt":"2021-08-19T16:36:29","guid":{"rendered":"https:\/\/www.ejemackenzie.com.br\/?p=7728"},"modified":"2022-05-30T12:37:48","modified_gmt":"2022-05-30T12:37:48","slug":"6-dicas-reduzir-custos-de-ar-condicionado","status":"publish","type":"post","link":"https:\/\/ejemackenzie.com.br\/ejem\/6-dicas-reduzir-custos-de-ar-condicionado\/","title":{"rendered":"Ar-Condicionado: 6 Dicas para Reduzir Custos"},"content":{"rendered":"<h1><\/h1>\n<h2>Fabiana Satiko Ohi e Renan Gnecco Ferraz Monte<\/h2>\n<p><img fetchpriority=\"high\" decoding=\"async\" src=\"https:\/\/www.ejemackenzie.com.br\/wp-content\/uploads\/2021\/08\/texto-fabi-1-1024x683.jpg\" sizes=\"(max-width: 812px) 100vw, 812px\" srcset=\"https:\/\/www.ejemackenzie.com.br\/wp-content\/uploads\/2021\/08\/texto-fabi-1-1024x683.jpg 1024w, https:\/\/www.ejemackenzie.com.br\/wp-content\/uploads\/2021\/08\/texto-fabi-1-300x200.jpg 300w, https:\/\/www.ejemackenzie.com.br\/wp-content\/uploads\/2021\/08\/texto-fabi-1-768x512.jpg 768w\" alt=\"Ambiente sofisticado equipado com ar-condicionado\" width=\"812\" height=\"542\" \/><\/p>\n<p>Quando as temperaturas est\u00e3o altas e o calor est\u00e1 extremo, muitas pessoas n\u00e3o deixam de pensar no uso do ar-condicionado. O que antes era visto somente em grandes estabelecimentos comerciais e escrit\u00f3rios, cada dia mais tem sido instalado em resid\u00eancias tamb\u00e9m. Mas o custo desse equipamento sempre foi motivo de preocupa\u00e7\u00e3o.<\/p>\n<ul>\n<li>\n<h2><strong><em>Por que o ar-condicionado gasta tanta energia?<\/em><\/strong><\/h2>\n<\/li>\n<\/ul>\n<p>O ar-condicionado funciona de maneira muito semelhante \u00e0 uma geladeira. Seu objetivo nada mais \u00e9 do que a troca de temperatura do ambiente. Assim como a geladeira, o ar-condicionado tamb\u00e9m possui uma serpentina na qual o ar passa e, por contato, sofre queda ou aumento de temperatura. Consequentemente, o calor do ar sugado do ambiente interno pelo equipamento \u00e9 absorvido, e o ar \u00e9 resfriado.<\/p>\n<p>Quando a temperatura desejada \u00e9 alcan\u00e7ada, um sensor presente no ar-condicionado desliga o compressor, permitindo que a temperatura seja mantida. Quando h\u00e1 uma varia\u00e7\u00e3o da temperatura, o compressor \u00e9 novamente acionado, j\u00e1 que ele \u00e9 o respons\u00e1vel pela circula\u00e7\u00e3o do g\u00e1s ou l\u00edquido refrigerante pelo sistema. O \u201cliga-desliga\u201d do compressor causa picos de voltagem e consequentemente, um aumento de consumo de energia.<\/p>\n<p>Agora que sabemos o porqu\u00ea de tanto gasto, veja algumas dicas para economizar na hora de ter um ar-condicionado!<\/p>\n<ul>\n<li>\n<h2><strong><em>Pensar em escolher o tipo \u201cInverter\u201d<\/em><\/strong><\/h2>\n<\/li>\n<\/ul>\n<p>O ar-condicionado Inverter vem se tornando conhecido por gerar uma economia de at\u00e9 60% quando comparado ao convencional. Isso se deve ao seu modo de funcionamento diferente dos demais.<\/p>\n<p>Com esse tipo de ar-condicionado, a temperatura tende a ser mais constante. Ao contr\u00e1rio do convencional, o compressor n\u00e3o \u201cliga-desliga\u201d. Ele funciona em rota\u00e7\u00e3o vari\u00e1vel e cont\u00ednua. Esse fato evita que picos de energia sejam gerados, e s\u00e3o justamente eles que consomem uma grande quantidade de eletricidade. Como o ar-condicionado Inverter n\u00e3o cria esses picos, ele \u00e9 muito mais econ\u00f4mico.<\/p>\n<ul>\n<li>\n<h2><strong><em>Comprar equipamentos com o selo A e n\u00famero certo de BTU\u2019s<\/em><\/strong><\/h2>\n<\/li>\n<\/ul>\n<p>O Selo Procel est\u00e1 presente em todos os eletrodom\u00e9sticos. Basicamente ele \u00e9 uma etiqueta que mostra quais aparelhos s\u00e3o os mais econ\u00f4micos a partir de sua efici\u00eancia energ\u00e9tica. Sua classifica\u00e7\u00e3o \u00e9 feita pelas letras A, B, C, D e E. Sendo A a melhor classifica\u00e7\u00e3o e E a pior, em rela\u00e7\u00e3o a efici\u00eancia.<\/p>\n<p>O que determina o consumo de energia do ar-condicionado \u00e9 sua pot\u00eancia e tempo de utiliza\u00e7\u00e3o. Quanto pior sua classifica\u00e7\u00e3o, maior \u201ckwh\/m\u00eas\u201d \u00e9 consumido pelo aparelho. E assim, maior \u00e9 seu custo durante seu uso.<\/p>\n<p>Por sua vez, BTU, \u00e9 a sigla para British Thermal Unit, que traduzindo para o portugu\u00eas, significa Unidade T\u00e9rmica Brit\u00e2nica. Na pr\u00e1tica, quanto maior o n\u00famero de BTU\u2019s de um ar-condicionado, maior poder\u00e1 ser o ambiente no qual ele ser\u00e1 instalado.<\/p>\n<p>Desse modo, \u00e9 necess\u00e1rio saber a quantidade ideal de BTU\u2019s para o espa\u00e7o a ser refrigerado. \u00c9 importante ter certeza de que o ar-condicionado seja capaz de refrigerar o local de maneira eficiente. Entretanto, n\u00e3o \u00e9 indicado que seja escolhido um modelo com a pot\u00eancia muito acima do necess\u00e1rio, j\u00e1 que isso provocaria um consumo de energia desnecess\u00e1rio.<\/p>\n<p><img decoding=\"async\" src=\"https:\/\/www.ejemackenzie.com.br\/wp-content\/uploads\/2021\/08\/texto-fabi-2-1024x683.jpg\" sizes=\"(max-width: 812px) 100vw, 812px\" srcset=\"https:\/\/www.ejemackenzie.com.br\/wp-content\/uploads\/2021\/08\/texto-fabi-2-1024x683.jpg 1024w, https:\/\/www.ejemackenzie.com.br\/wp-content\/uploads\/2021\/08\/texto-fabi-2-300x200.jpg 300w, https:\/\/www.ejemackenzie.com.br\/wp-content\/uploads\/2021\/08\/texto-fabi-2-768x512.jpg 768w\" alt=\"Controle do ar-condicionado indicando 22\u00b0C\" width=\"812\" height=\"542\" \/><\/p>\n<ul>\n<li>\n<h2><strong><em>Evitar deixar no frio excessivo<\/em><\/strong><\/h2>\n<\/li>\n<\/ul>\n<p>Em dias quentes, a vontade de deixar o ambiente bem geladinho \u00e9 grande, mas n\u00e3o \u00e9 o recomendado. Quanto menor a temperatura programada, mais esfor\u00e7o tempo o ar-condicionado demora para atingir tal temperatura. O ideal \u00e9 n\u00e3o deixar em temperaturas muito baixas como 18\u00b0C. Em vez disso, aconselha-se temperaturas medianas entre 22\u00b0C e 24\u00b0C. Quanto mais alta for a temperatura, melhor. Menos esfor\u00e7o e mais tempo com o compressor do ar-condicionado desligado ajudam na economia.<\/p>\n<ul>\n<li>\n<h2><strong><em>Garantir que ambiente est\u00e1 bem fechado<\/em><\/strong><\/h2>\n<\/li>\n<\/ul>\n<p>Uma das maneiras de evitar que o ar-condicionado trabalhe mais do que necess\u00e1rio \u00e9 garantir que todas as portas e janelas estejam fechadas. A entrada de ar quente e a sa\u00edda do ar frio faz com que o trabalho n\u00e3o seja feito de maneira eficiente. Um ambiente fechado facilita que a temperatura se mantenha est\u00e1vel. Isso economiza tempo de funcionamento do aparelho e consequentemente, energia.<\/p>\n<p>Al\u00e9m disso, a utiliza\u00e7\u00e3o de cortinas e persianas s\u00e3o recomendadas j\u00e1 que ajudam a bloquear a luz e calor do sol. Quanto mais luz, mais energia ser\u00e1 necess\u00e1ria para fazer a climatiza\u00e7\u00e3o e manter a temperatura. Ou seja, quanto menor for a troca de calor, melhor.<\/p>\n<p><strong><em>\u00a0<\/em><\/strong><\/p>\n<ul>\n<li>\n<h2><strong><em>Fazer a manuten\u00e7\u00e3o frequente do aparelho<\/em><\/strong><\/h2>\n<\/li>\n<\/ul>\n<p>Assim como todo equipamento, sempre devemos nos atentar com o bom funcionamento do ar-condicionado. A manuten\u00e7\u00e3o deve ser feita frequentemente. N\u00e3o somente para evitar falhas, mas tamb\u00e9m para que dure mais e n\u00e3o gaste energia ainda mais.<\/p>\n<p>A manuten\u00e7\u00e3o preventiva \u00e9 muito importante. A checagem do aparelho deve ser feita garantindo a n\u00e3o obstru\u00e7\u00e3o das sa\u00eddas de ar, o que poderia gerar sua sobrecarga. Os filtros devem ser limpos, n\u00e3o somente para uma eficiente troca de ar, mas tamb\u00e9m para evitar poss\u00edveis crises al\u00e9rgicas.<\/p>\n<p><img decoding=\"async\" src=\"https:\/\/www.ejemackenzie.com.br\/wp-content\/uploads\/2021\/08\/texto-fabi-3-1024x684.jpg\" sizes=\"(max-width: 812px) 100vw, 812px\" srcset=\"https:\/\/www.ejemackenzie.com.br\/wp-content\/uploads\/2021\/08\/texto-fabi-3-1024x684.jpg 1024w, https:\/\/www.ejemackenzie.com.br\/wp-content\/uploads\/2021\/08\/texto-fabi-3-300x200.jpg 300w, https:\/\/www.ejemackenzie.com.br\/wp-content\/uploads\/2021\/08\/texto-fabi-3-768x513.jpg 768w\" alt=\"\" width=\"812\" height=\"542\" \/><\/p>\n<p>Com o ar-condicionado funcionando perfeitamente, sua efici\u00eancia \u00e9 maior. Sendo assim, menor ser\u00e1 o gasto de energia e o custo na conta de luz ser\u00e1 mais baixo.<\/p>\n<ul>\n<li>\n<h2><strong><em>Evitar o \u201cliga-desliga\u201d<\/em><\/strong><\/h2>\n<\/li>\n<\/ul>\n<p>Vamos imaginar a seguinte situa\u00e7\u00e3o: Voc\u00ea fecha portas e janelas e liga o ar-condicionado. Ent\u00e3o, ele come\u00e7a a refrescar o ambiente, mas voc\u00ea precisa dar uma sa\u00edda r\u00e1pida para pegar uma \u00e1gua ou ir ao banheiro.<\/p>\n<p>Pode at\u00e9 parecer bem intuitivo desligar o ar-condicionado, assim como desligamos as luzes quando deixamos um c\u00f4modo. Entretanto, se a aus\u00eancia for curta, ao inv\u00e9s de economizar energia com ar-condicionado, voc\u00ea exigir\u00e1 bem mais do aparelho. Isso acontece porque nesse tempo que voc\u00ea ficar fora, o ambiente vai esquentar, e quando voc\u00ea voltar, ele vai consumir mais energia para resfriar de novo.<\/p>\n<p>Assim, se for deixar o ambiente por um curto per\u00edodo de tempo, nunca desligue o aparelho. A energia necess\u00e1ria para resfriar novamente o c\u00f4modo ser\u00e1 muito maior do que se deixar o aparelho funcionando. Por outro lado, se precisar se ausentar por um per\u00edodo maior, a\u00ed sim n\u00e3o se esque\u00e7a de deslig\u00e1-lo.<\/p>\n<p>Mas o que fazer se voc\u00ea gostar de dormir com o ar-condicionado ligado? \u00c9 a\u00ed que entra a fun\u00e7\u00e3o de timer dos aparelhos, muito \u00fatil para programar o desligamento autom\u00e1tico em algumas situa\u00e7\u00f5es.<\/p>\n<p>Na fun\u00e7\u00e3o <em>sleep<\/em> do aparelho, a temperatura aumenta em 1\u00baC por hora nas duas primeiras horas. Isso evita que voc\u00ea acorde no meio da noite com calor ou frio, provavelmente aumentando ou diminuindo a temperatura e pouco depois precisando regul\u00e1-la novamente \u2013 isso se n\u00e3o chegar a deslig\u00e1-lo.<\/p>\n<ul>\n<li>\n<h2><strong><em>Mas e ent\u00e3o?<\/em><\/strong><\/h2>\n<\/li>\n<\/ul>\n<p>Com a temporada de f\u00e9rias chegando e com ela o aumento das temperaturas, ter um ar-condicionado \u00e9 sempre sin\u00f4nimo de conforto. O aliado n\u00famero um para manter o ambiente agrad\u00e1vel dentro de nossas casas e no trabalho. Por\u00e9m, quando a necessidade de ligar o aparelho aparece e o consumo aumenta, o susto vem na conta de luz no final do m\u00eas.<\/p>\n<p>A conta de luz cada vez tem um peso maior no bolso do brasileiro e as tarifas de energia n\u00e3o param de subir. Isso s\u00f3 dificulta ainda mais o sonho de uma noite de ver\u00e3o bem dormida. Nos \u00faltimos anos, a preocupa\u00e7\u00e3o com o meio ambiente vem crescendo e devido ao aumento no consumo de energia el\u00e9trica no Brasil e no mundo, sua utiliza\u00e7\u00e3o de maneira sustent\u00e1vel est\u00e1 em alta.<\/p>\n<p>\u00c9 fato que ningu\u00e9m quer abrir m\u00e3o do conforto para economizar. Mas seria realmente necess\u00e1rio isso? N\u00e3o! Com as atitudes que acabamos de ver, \u00e9 poss\u00edvel fazer uma boa economia sem precisar desligar o aparelho.<\/p>\n<p>Ter um ar-condicionado \u00e9 sin\u00f4nimo de conforto. \u00c9 a praticidade e comodidade em cada ambiente, seja na sua casa ou empresa. O seu bem-estar que est\u00e1 em jogo. Por isso, na hora de escolher o modelo ideal busque pelo ar-condicionado mais econ\u00f4mico.<\/p>\n<p>Fique de olho nas fun\u00e7\u00f5es do seu ar-condicionado, sua tecnologia e capacidade de refrigera\u00e7\u00e3o. Como mencionamos, estes s\u00e3o alguns dos fatores que devem ser levados em considera\u00e7\u00e3o quando voc\u00ea for escolher o melhor produto.<\/p>\n<p>Mas n\u00e3o se esque\u00e7a tamb\u00e9m do <a href=\"http:\/\/www.procelinfo.com.br\/main.asp?TeamID=%7B88A19AD9-04C6-43FC-BA2E-99B27EF54632%7D\">Selo Procel<\/a>. Esta \u00e9 uma das melhores formas de se orientar na hora da compra em rela\u00e7\u00e3o ao consumo de energia do seu aparelho. Ent\u00e3o, ao adquirir um novo equipamento, procure sempre pelo Selo! Al\u00e9m de contribuir para o consumo sustent\u00e1vel de energia, voc\u00ea tamb\u00e9m vai economizar na conta de luz.<\/p>\n<p>Como o consumo do ar-condicionado est\u00e1 ligado com a temperatura do termostato, fique atento quanto \u00e0 temperatura acionada no controle remoto durante os dias quentes de ver\u00e3o. Um simples manuseio pode prejudicar o funcionamento do aparelho, criando uma sobrecarga maior de energia, o que pode aumentar consideravelmente sua conta de luz.<\/p>\n<p>Mas para economizar n\u00e3o \u00e9 s\u00f3 olhar para a temperatura do aparelho. A import\u00e2ncia de uma instala\u00e7\u00e3o profissional e manuten\u00e7\u00e3o t\u00e9cnica peri\u00f3dica s\u00e3o fatores muitas vezes esquecidos. \u00c9 vital que sejam levados em considera\u00e7\u00e3o tais pontos para que voc\u00ea n\u00e3o tenha gastos desnecess\u00e1rios.<\/p>\n<p>Assim, usando seu ar-condicionado da maneira correta, voc\u00ea n\u00e3o s\u00f3 economiza, mas tamb\u00e9m aumenta sua vida \u00fatil. Ou seja, voc\u00ea est\u00e1 garantindo muitos ver\u00f5es de conforto \u2013 tanto para voc\u00ea quanto para o seu bolso!<\/p>\n<p>Pouca gente sabe, mas o ar-condicionado n\u00e3o \u00e9 o maior vil\u00e3o da conta de luz. Se for bem instalado, bem dimensionado e utilizado de forma adequada, um ar-condicionado pode consumir menos energia do que um chuveiro el\u00e9trico! Para isso \u00e9 importante que todos fa\u00e7am a sua parte desde a escolha do equipamento at\u00e9 sua utiliza\u00e7\u00e3o correta.<\/p>\n<p>Com essas seis dicas j\u00e1 \u00e9 poss\u00edvel garantir um refresco na conta de luz desse ver\u00e3o!<\/p>\n<p><a href=\"https:\/\/www.mack.ejemackenzie.com.br\/newsletter\" data-elementor-open-lightbox=\"\"><br \/>\n<img loading=\"lazy\" decoding=\"async\" src=\"https:\/\/www.ejemackenzie.com.br\/wp-content\/uploads\/2021\/08\/Banner-site-8.png\" sizes=\"(max-width: 2268px) 100vw, 2268px\" srcset=\"https:\/\/www.ejemackenzie.com.br\/wp-content\/uploads\/2021\/08\/Banner-site-8.png 2268w, https:\/\/www.ejemackenzie.com.br\/wp-content\/uploads\/2021\/08\/Banner-site-8-300x25.png 300w, https:\/\/www.ejemackenzie.com.br\/wp-content\/uploads\/2021\/08\/Banner-site-8-768x64.png 768w, https:\/\/www.ejemackenzie.com.br\/wp-content\/uploads\/2021\/08\/Banner-site-8-1024x85.png 1024w\" alt=\"Banner newsletter\" width=\"2268\" height=\"189\" \/> <\/a><\/p>\n","protected":false},"excerpt":{"rendered":"<p>Fabiana Satiko Ohi e Renan Gnecco Ferraz Monte Quando as temperaturas est\u00e3o altas e o calor est\u00e1 extremo, muitas pessoas n\u00e3o deixam de pensar no uso do ar-condicionado. O que antes era visto somente em grandes estabelecimentos comerciais e escrit\u00f3rios, cada dia mais tem sido instalado em resid\u00eancias tamb\u00e9m. Mas o custo desse equipamento sempre &hellip;<\/p>\n<p class=\"read-more\"> <a class=\"\" href=\"https:\/\/ejemackenzie.com.br\/ejem\/6-dicas-reduzir-custos-de-ar-condicionado\/\"> <span class=\"screen-reader-text\">Ar-Condicionado: 6 Dicas para Reduzir Custos<\/span> Leia mais &raquo;<\/a><\/p>\n","protected":false},"author":2,"featured_media":13881,"comment_status":"closed","ping_status":"open","sticky":false,"template":"","format":"standard","meta":{"site-sidebar-layout":"default","site-content-layout":"default","ast-global-header-display":"","ast-main-header-display":"","ast-hfb-above-header-display":"","ast-hfb-below-header-display":"","ast-hfb-mobile-header-display":"","site-post-title":"","ast-breadcrumbs-content":"","ast-featured-img":"","footer-sml-layout":"","theme-transparent-header-meta":"","adv-header-id-meta":"","stick-header-meta":"","header-above-stick-meta":"","header-main-stick-meta":"","header-below-stick-meta":"","_joinchat":[],"footnotes":""},"categories":[9,11,7],"tags":[],"class_list":["post-9646","post","type-post","status-publish","format-standard","has-post-thumbnail","hentry","category-casa-e-construcao","category-energia-e-sustentabilidade","category-geral"],"yoast_head":"<!-- This site is optimized with the Yoast SEO plugin v27.2 - https:\/\/yoast.com\/product\/yoast-seo-wordpress\/ -->\n<title>Ar-Condicionado: 6 Dicas para Reduzir Custos - Ejem<\/title>\n<meta name=\"robots\" content=\"index, follow, max-snippet:-1, max-image-preview:large, max-video-preview:-1\" \/>\n<link rel=\"canonical\" href=\"https:\/\/ejemackenzie.com.br\/ejem\/6-dicas-reduzir-custos-de-ar-condicionado\/\" \/>\n<meta property=\"og:locale\" content=\"pt_BR\" \/>\n<meta property=\"og:type\" content=\"article\" \/>\n<meta property=\"og:title\" content=\"Ar-Condicionado: 6 Dicas para Reduzir Custos - Ejem\" \/>\n<meta property=\"og:description\" content=\"Fabiana Satiko Ohi e Renan Gnecco Ferraz Monte Quando as temperaturas est\u00e3o altas e o calor est\u00e1 extremo, muitas pessoas n\u00e3o deixam de pensar no uso do ar-condicionado. O que antes era visto somente em grandes estabelecimentos comerciais e escrit\u00f3rios, cada dia mais tem sido instalado em resid\u00eancias tamb\u00e9m. Mas o custo desse equipamento sempre &hellip; Ar-Condicionado: 6 Dicas para Reduzir Custos Leia mais &raquo;\" \/>\n<meta property=\"og:url\" content=\"https:\/\/ejemackenzie.com.br\/ejem\/6-dicas-reduzir-custos-de-ar-condicionado\/\" \/>\n<meta property=\"og:site_name\" content=\"Ejem\" \/>\n<meta property=\"article:published_time\" content=\"2021-08-19T16:36:29+00:00\" \/>\n<meta property=\"article:modified_time\" content=\"2022-05-30T12:37:48+00:00\" \/>\n<meta property=\"og:image\" content=\"https:\/\/www.ejemackenzie.com.br\/wp-content\/uploads\/2021\/08\/texto-fabi-1-1024x683.jpg\" \/>\n<meta name=\"author\" content=\"ejem.mackenzie\" \/>\n<meta name=\"twitter:card\" content=\"summary_large_image\" \/>\n<meta name=\"twitter:label1\" content=\"Escrito por\" \/>\n\t<meta name=\"twitter:data1\" content=\"ejem.mackenzie\" \/>\n\t<meta name=\"twitter:label2\" content=\"Est. tempo de leitura\" \/>\n\t<meta name=\"twitter:data2\" content=\"8 minutos\" \/>\n<script type=\"application\/ld+json\" class=\"yoast-schema-graph\">{\"@context\":\"https:\/\/schema.org\",\"@graph\":[{\"@type\":\"Article\",\"@id\":\"https:\/\/ejemackenzie.com.br\/ejem\/6-dicas-reduzir-custos-de-ar-condicionado\/#article\",\"isPartOf\":{\"@id\":\"https:\/\/ejemackenzie.com.br\/ejem\/6-dicas-reduzir-custos-de-ar-condicionado\/\"},\"author\":{\"name\":\"ejem.mackenzie\",\"@id\":\"https:\/\/ejemackenzie.com.br\/ejem\/#\/schema\/person\/439f31abf29375d9ef149a4250480129\"},\"headline\":\"Ar-Condicionado: 6 Dicas para Reduzir Custos\",\"datePublished\":\"2021-08-19T16:36:29+00:00\",\"dateModified\":\"2022-05-30T12:37:48+00:00\",\"mainEntityOfPage\":{\"@id\":\"https:\/\/ejemackenzie.com.br\/ejem\/6-dicas-reduzir-custos-de-ar-condicionado\/\"},\"wordCount\":1674,\"publisher\":{\"@id\":\"https:\/\/ejemackenzie.com.br\/ejem\/#organization\"},\"image\":{\"@id\":\"https:\/\/ejemackenzie.com.br\/ejem\/6-dicas-reduzir-custos-de-ar-condicionado\/#primaryimage\"},\"thumbnailUrl\":\"https:\/\/ejemackenzie.com.br\/ejem\/wp-content\/uploads\/2021\/08\/texto-fabi-1.jpg\",\"articleSection\":[\"Casa e Constru\u00e7\u00e3o\",\"Energia e Sustentabilidade\",\"Geral\"],\"inLanguage\":\"pt-BR\"},{\"@type\":\"WebPage\",\"@id\":\"https:\/\/ejemackenzie.com.br\/ejem\/6-dicas-reduzir-custos-de-ar-condicionado\/\",\"url\":\"https:\/\/ejemackenzie.com.br\/ejem\/6-dicas-reduzir-custos-de-ar-condicionado\/\",\"name\":\"Ar-Condicionado: 6 Dicas para Reduzir Custos - Ejem\",\"isPartOf\":{\"@id\":\"https:\/\/ejemackenzie.com.br\/ejem\/#website\"},\"primaryImageOfPage\":{\"@id\":\"https:\/\/ejemackenzie.com.br\/ejem\/6-dicas-reduzir-custos-de-ar-condicionado\/#primaryimage\"},\"image\":{\"@id\":\"https:\/\/ejemackenzie.com.br\/ejem\/6-dicas-reduzir-custos-de-ar-condicionado\/#primaryimage\"},\"thumbnailUrl\":\"https:\/\/ejemackenzie.com.br\/ejem\/wp-content\/uploads\/2021\/08\/texto-fabi-1.jpg\",\"datePublished\":\"2021-08-19T16:36:29+00:00\",\"dateModified\":\"2022-05-30T12:37:48+00:00\",\"breadcrumb\":{\"@id\":\"https:\/\/ejemackenzie.com.br\/ejem\/6-dicas-reduzir-custos-de-ar-condicionado\/#breadcrumb\"},\"inLanguage\":\"pt-BR\",\"potentialAction\":[{\"@type\":\"ReadAction\",\"target\":[\"https:\/\/ejemackenzie.com.br\/ejem\/6-dicas-reduzir-custos-de-ar-condicionado\/\"]}]},{\"@type\":\"ImageObject\",\"inLanguage\":\"pt-BR\",\"@id\":\"https:\/\/ejemackenzie.com.br\/ejem\/6-dicas-reduzir-custos-de-ar-condicionado\/#primaryimage\",\"url\":\"https:\/\/ejemackenzie.com.br\/ejem\/wp-content\/uploads\/2021\/08\/texto-fabi-1.jpg\",\"contentUrl\":\"https:\/\/ejemackenzie.com.br\/ejem\/wp-content\/uploads\/2021\/08\/texto-fabi-1.jpg\",\"width\":2048,\"height\":1365,\"caption\":\"Ambiente sofisticado equipado com ar-condicionado\"},{\"@type\":\"BreadcrumbList\",\"@id\":\"https:\/\/ejemackenzie.com.br\/ejem\/6-dicas-reduzir-custos-de-ar-condicionado\/#breadcrumb\",\"itemListElement\":[{\"@type\":\"ListItem\",\"position\":1,\"name\":\"In\u00edcio\",\"item\":\"https:\/\/ejemackenzie.com.br\/ejem\/\"},{\"@type\":\"ListItem\",\"position\":2,\"name\":\"Ar-Condicionado: 6 Dicas para Reduzir Custos\"}]},{\"@type\":\"WebSite\",\"@id\":\"https:\/\/ejemackenzie.com.br\/ejem\/#website\",\"url\":\"https:\/\/ejemackenzie.com.br\/ejem\/\",\"name\":\"Ejem\",\"description\":\"Solu\u00e7\u00f5es em Engenharia\",\"publisher\":{\"@id\":\"https:\/\/ejemackenzie.com.br\/ejem\/#organization\"},\"potentialAction\":[{\"@type\":\"SearchAction\",\"target\":{\"@type\":\"EntryPoint\",\"urlTemplate\":\"https:\/\/ejemackenzie.com.br\/ejem\/?s={search_term_string}\"},\"query-input\":{\"@type\":\"PropertyValueSpecification\",\"valueRequired\":true,\"valueName\":\"search_term_string\"}}],\"inLanguage\":\"pt-BR\"},{\"@type\":\"Organization\",\"@id\":\"https:\/\/ejemackenzie.com.br\/ejem\/#organization\",\"name\":\"Ejem\",\"url\":\"https:\/\/ejemackenzie.com.br\/ejem\/\",\"logo\":{\"@type\":\"ImageObject\",\"inLanguage\":\"pt-BR\",\"@id\":\"https:\/\/ejemackenzie.com.br\/ejem\/#\/schema\/logo\/image\/\",\"url\":\"https:\/\/ejemackenzie.com.br\/ejem\/wp-content\/uploads\/2022\/10\/cropped-logovermelho.png\",\"contentUrl\":\"https:\/\/ejemackenzie.com.br\/ejem\/wp-content\/uploads\/2022\/10\/cropped-logovermelho.png\",\"width\":1382,\"height\":674,\"caption\":\"Ejem\"},\"image\":{\"@id\":\"https:\/\/ejemackenzie.com.br\/ejem\/#\/schema\/logo\/image\/\"}},{\"@type\":\"Person\",\"@id\":\"https:\/\/ejemackenzie.com.br\/ejem\/#\/schema\/person\/439f31abf29375d9ef149a4250480129\",\"name\":\"ejem.mackenzie\",\"image\":{\"@type\":\"ImageObject\",\"inLanguage\":\"pt-BR\",\"@id\":\"https:\/\/secure.gravatar.com\/avatar\/ec0ada7ea121ee3cd1f098f16e0cd88274b688841a992967f5e7e087fc66e6de?s=96&d=mm&r=g\",\"url\":\"https:\/\/secure.gravatar.com\/avatar\/ec0ada7ea121ee3cd1f098f16e0cd88274b688841a992967f5e7e087fc66e6de?s=96&d=mm&r=g\",\"contentUrl\":\"https:\/\/secure.gravatar.com\/avatar\/ec0ada7ea121ee3cd1f098f16e0cd88274b688841a992967f5e7e087fc66e6de?s=96&d=mm&r=g\",\"caption\":\"ejem.mackenzie\"},\"url\":\"https:\/\/ejemackenzie.com.br\/ejem\/author\/ejem-mackenzie\/\"}]}<\/script>\n<!-- \/ Yoast SEO plugin. -->","yoast_head_json":{"title":"Ar-Condicionado: 6 Dicas para Reduzir Custos - Ejem","robots":{"index":"index","follow":"follow","max-snippet":"max-snippet:-1","max-image-preview":"max-image-preview:large","max-video-preview":"max-video-preview:-1"},"canonical":"https:\/\/ejemackenzie.com.br\/ejem\/6-dicas-reduzir-custos-de-ar-condicionado\/","og_locale":"pt_BR","og_type":"article","og_title":"Ar-Condicionado: 6 Dicas para Reduzir Custos - Ejem","og_description":"Fabiana Satiko Ohi e Renan Gnecco Ferraz Monte Quando as temperaturas est\u00e3o altas e o calor est\u00e1 extremo, muitas pessoas n\u00e3o deixam de pensar no uso do ar-condicionado. O que antes era visto somente em grandes estabelecimentos comerciais e escrit\u00f3rios, cada dia mais tem sido instalado em resid\u00eancias tamb\u00e9m. Mas o custo desse equipamento sempre &hellip; Ar-Condicionado: 6 Dicas para Reduzir Custos Leia mais &raquo;","og_url":"https:\/\/ejemackenzie.com.br\/ejem\/6-dicas-reduzir-custos-de-ar-condicionado\/","og_site_name":"Ejem","article_published_time":"2021-08-19T16:36:29+00:00","article_modified_time":"2022-05-30T12:37:48+00:00","og_image":[{"url":"https:\/\/www.ejemackenzie.com.br\/wp-content\/uploads\/2021\/08\/texto-fabi-1-1024x683.jpg","type":"","width":"","height":""}],"author":"ejem.mackenzie","twitter_card":"summary_large_image","twitter_misc":{"Escrito por":"ejem.mackenzie","Est. tempo de leitura":"8 minutos"},"schema":{"@context":"https:\/\/schema.org","@graph":[{"@type":"Article","@id":"https:\/\/ejemackenzie.com.br\/ejem\/6-dicas-reduzir-custos-de-ar-condicionado\/#article","isPartOf":{"@id":"https:\/\/ejemackenzie.com.br\/ejem\/6-dicas-reduzir-custos-de-ar-condicionado\/"},"author":{"name":"ejem.mackenzie","@id":"https:\/\/ejemackenzie.com.br\/ejem\/#\/schema\/person\/439f31abf29375d9ef149a4250480129"},"headline":"Ar-Condicionado: 6 Dicas para Reduzir Custos","datePublished":"2021-08-19T16:36:29+00:00","dateModified":"2022-05-30T12:37:48+00:00","mainEntityOfPage":{"@id":"https:\/\/ejemackenzie.com.br\/ejem\/6-dicas-reduzir-custos-de-ar-condicionado\/"},"wordCount":1674,"publisher":{"@id":"https:\/\/ejemackenzie.com.br\/ejem\/#organization"},"image":{"@id":"https:\/\/ejemackenzie.com.br\/ejem\/6-dicas-reduzir-custos-de-ar-condicionado\/#primaryimage"},"thumbnailUrl":"https:\/\/ejemackenzie.com.br\/ejem\/wp-content\/uploads\/2021\/08\/texto-fabi-1.jpg","articleSection":["Casa e Constru\u00e7\u00e3o","Energia e Sustentabilidade","Geral"],"inLanguage":"pt-BR"},{"@type":"WebPage","@id":"https:\/\/ejemackenzie.com.br\/ejem\/6-dicas-reduzir-custos-de-ar-condicionado\/","url":"https:\/\/ejemackenzie.com.br\/ejem\/6-dicas-reduzir-custos-de-ar-condicionado\/","name":"Ar-Condicionado: 6 Dicas para Reduzir Custos - Ejem","isPartOf":{"@id":"https:\/\/ejemackenzie.com.br\/ejem\/#website"},"primaryImageOfPage":{"@id":"https:\/\/ejemackenzie.com.br\/ejem\/6-dicas-reduzir-custos-de-ar-condicionado\/#primaryimage"},"image":{"@id":"https:\/\/ejemackenzie.com.br\/ejem\/6-dicas-reduzir-custos-de-ar-condicionado\/#primaryimage"},"thumbnailUrl":"https:\/\/ejemackenzie.com.br\/ejem\/wp-content\/uploads\/2021\/08\/texto-fabi-1.jpg","datePublished":"2021-08-19T16:36:29+00:00","dateModified":"2022-05-30T12:37:48+00:00","breadcrumb":{"@id":"https:\/\/ejemackenzie.com.br\/ejem\/6-dicas-reduzir-custos-de-ar-condicionado\/#breadcrumb"},"inLanguage":"pt-BR","potentialAction":[{"@type":"ReadAction","target":["https:\/\/ejemackenzie.com.br\/ejem\/6-dicas-reduzir-custos-de-ar-condicionado\/"]}]},{"@type":"ImageObject","inLanguage":"pt-BR","@id":"https:\/\/ejemackenzie.com.br\/ejem\/6-dicas-reduzir-custos-de-ar-condicionado\/#primaryimage","url":"https:\/\/ejemackenzie.com.br\/ejem\/wp-content\/uploads\/2021\/08\/texto-fabi-1.jpg","contentUrl":"https:\/\/ejemackenzie.com.br\/ejem\/wp-content\/uploads\/2021\/08\/texto-fabi-1.jpg","width":2048,"height":1365,"caption":"Ambiente sofisticado equipado com ar-condicionado"},{"@type":"BreadcrumbList","@id":"https:\/\/ejemackenzie.com.br\/ejem\/6-dicas-reduzir-custos-de-ar-condicionado\/#breadcrumb","itemListElement":[{"@type":"ListItem","position":1,"name":"In\u00edcio","item":"https:\/\/ejemackenzie.com.br\/ejem\/"},{"@type":"ListItem","position":2,"name":"Ar-Condicionado: 6 Dicas para Reduzir Custos"}]},{"@type":"WebSite","@id":"https:\/\/ejemackenzie.com.br\/ejem\/#website","url":"https:\/\/ejemackenzie.com.br\/ejem\/","name":"Ejem","description":"Solu\u00e7\u00f5es em Engenharia","publisher":{"@id":"https:\/\/ejemackenzie.com.br\/ejem\/#organization"},"potentialAction":[{"@type":"SearchAction","target":{"@type":"EntryPoint","urlTemplate":"https:\/\/ejemackenzie.com.br\/ejem\/?s={search_term_string}"},"query-input":{"@type":"PropertyValueSpecification","valueRequired":true,"valueName":"search_term_string"}}],"inLanguage":"pt-BR"},{"@type":"Organization","@id":"https:\/\/ejemackenzie.com.br\/ejem\/#organization","name":"Ejem","url":"https:\/\/ejemackenzie.com.br\/ejem\/","logo":{"@type":"ImageObject","inLanguage":"pt-BR","@id":"https:\/\/ejemackenzie.com.br\/ejem\/#\/schema\/logo\/image\/","url":"https:\/\/ejemackenzie.com.br\/ejem\/wp-content\/uploads\/2022\/10\/cropped-logovermelho.png","contentUrl":"https:\/\/ejemackenzie.com.br\/ejem\/wp-content\/uploads\/2022\/10\/cropped-logovermelho.png","width":1382,"height":674,"caption":"Ejem"},"image":{"@id":"https:\/\/ejemackenzie.com.br\/ejem\/#\/schema\/logo\/image\/"}},{"@type":"Person","@id":"https:\/\/ejemackenzie.com.br\/ejem\/#\/schema\/person\/439f31abf29375d9ef149a4250480129","name":"ejem.mackenzie","image":{"@type":"ImageObject","inLanguage":"pt-BR","@id":"https:\/\/secure.gravatar.com\/avatar\/ec0ada7ea121ee3cd1f098f16e0cd88274b688841a992967f5e7e087fc66e6de?s=96&d=mm&r=g","url":"https:\/\/secure.gravatar.com\/avatar\/ec0ada7ea121ee3cd1f098f16e0cd88274b688841a992967f5e7e087fc66e6de?s=96&d=mm&r=g","contentUrl":"https:\/\/secure.gravatar.com\/avatar\/ec0ada7ea121ee3cd1f098f16e0cd88274b688841a992967f5e7e087fc66e6de?s=96&d=mm&r=g","caption":"ejem.mackenzie"},"url":"https:\/\/ejemackenzie.com.br\/ejem\/author\/ejem-mackenzie\/"}]}},"_links":{"self":[{"href":"https:\/\/ejemackenzie.com.br\/ejem\/wp-json\/wp\/v2\/posts\/9646","targetHints":{"allow":["GET"]}}],"collection":[{"href":"https:\/\/ejemackenzie.com.br\/ejem\/wp-json\/wp\/v2\/posts"}],"about":[{"href":"https:\/\/ejemackenzie.com.br\/ejem\/wp-json\/wp\/v2\/types\/post"}],"author":[{"embeddable":true,"href":"https:\/\/ejemackenzie.com.br\/ejem\/wp-json\/wp\/v2\/users\/2"}],"replies":[{"embeddable":true,"href":"https:\/\/ejemackenzie.com.br\/ejem\/wp-json\/wp\/v2\/comments?post=9646"}],"version-history":[{"count":1,"href":"https:\/\/ejemackenzie.com.br\/ejem\/wp-json\/wp\/v2\/posts\/9646\/revisions"}],"predecessor-version":[{"id":10504,"href":"https:\/\/ejemackenzie.com.br\/ejem\/wp-json\/wp\/v2\/posts\/9646\/revisions\/10504"}],"wp:featuredmedia":[{"embeddable":true,"href":"https:\/\/ejemackenzie.com.br\/ejem\/wp-json\/wp\/v2\/media\/13881"}],"wp:attachment":[{"href":"https:\/\/ejemackenzie.com.br\/ejem\/wp-json\/wp\/v2\/media?parent=9646"}],"wp:term":[{"taxonomy":"category","embeddable":true,"href":"https:\/\/ejemackenzie.com.br\/ejem\/wp-json\/wp\/v2\/categories?post=9646"},{"taxonomy":"post_tag","embeddable":true,"href":"https:\/\/ejemackenzie.com.br\/ejem\/wp-json\/wp\/v2\/tags?post=9646"}],"curies":[{"name":"wp","href":"https:\/\/api.w.org\/{rel}","templated":true}]}}