{"id":9645,"date":"2021-08-17T16:00:07","date_gmt":"2021-08-17T19:00:07","guid":{"rendered":"https:\/\/www.ejemackenzie.com.br\/?p=7715"},"modified":"2022-05-30T12:37:48","modified_gmt":"2022-05-30T12:37:48","slug":"3-plataformas-para-boa-gestao-de-tempo","status":"publish","type":"post","link":"https:\/\/ejemackenzie.com.br\/ejem\/3-plataformas-para-boa-gestao-de-tempo\/","title":{"rendered":"3 plataformas para te ajudar a ter uma boa gest\u00e3o de tempo e evitar sobrecarga"},"content":{"rendered":"<h1>\u00a0<\/h1>\n<h2>Eduardo Henrique Gomes de Mello e Pedro Izarchi Leite<\/h2>\n<p><img fetchpriority=\"high\" decoding=\"async\" src=\"https:\/\/www.ejemackenzie.com.br\/wp-content\/uploads\/2021\/08\/pexels-bich-tran-760718-1024x681.jpg\" sizes=\"(max-width: 812px) 100vw, 812px\" srcset=\"https:\/\/www.ejemackenzie.com.br\/wp-content\/uploads\/2021\/08\/pexels-bich-tran-760718-1024x681.jpg 1024w, https:\/\/www.ejemackenzie.com.br\/wp-content\/uploads\/2021\/08\/pexels-bich-tran-760718-300x200.jpg 300w, https:\/\/www.ejemackenzie.com.br\/wp-content\/uploads\/2021\/08\/pexels-bich-tran-760718-768x511.jpg 768w\" alt=\"Organizando um calend\u00e1rio para uma Gest\u00e3o de tempo\" width=\"812\" height=\"540\" \/><\/p>\n<p><a href=\"https:\/\/www.ejemackenzie.com.br\/gestao-de-tempo-como-ser-eficaz\">Gest\u00e3o de tempo<\/a>\u00a0 \u00e9 um tema com alta relev\u00e2ncia e extrema import\u00e2ncia na atual sociedade e vem sendo abordado cada vez mais.<\/p>\n<p>Mas afinal, o que \u00e9 gest\u00e3o de tempo?<\/p>\n<p>Gest\u00e3o de tempo nada mais \u00e9 do que o pr\u00f3prio nome diz: um processo, uma forma de fazer valer cada minuto que passa do nosso dia, cada minuto que passa da nossa vida. Al\u00e9m disso, traz organiza\u00e7\u00e3o e prioriza\u00e7\u00e3o de nossas atividades tanto pessoais, quanto profissionais.<\/p>\n<p>\u00c0s vezes, nos deparamos com pessoas que fazem tantas atividades que at\u00e9 pensamos que o dia delas tem 48 horas. Isso se deve \u00e0 incr\u00edvel organiza\u00e7\u00e3o de tarefas decorrente da gest\u00e3o de tempo.<\/p>\n<p>O prop\u00f3sito do gerenciamento do tempo \u00e9 trazer uma rotina para o seu trabalho. Proporcionando um momento livre para passar com a fam\u00edlia, descanso e lazer.<\/p>\n<p>Qual a import\u00e2ncia de uma boa gest\u00e3o de tempo?<\/p>\n<p>Estamos sendo mais cobrados e sobrecarregados com tarefas e obriga\u00e7\u00f5es a serem realizadas em um prazo cada vez mais curto de tempo. Assim, torna-se crucial o planejamento e a organiza\u00e7\u00e3o de uma rotina.<\/p>\n<p>Ademais, a gest\u00e3o de tempo nos permite ter uma luz nas nossas decis\u00f5es, nos ajudando a alcan\u00e7ar as metas e a ter uma maior produtividade durante o expediente.<\/p>\n<p>Al\u00e9m disso, uma boa gest\u00e3o do tempo n\u00e3o gera estresse, pelo contr\u00e1rio, ela causa uma sensa\u00e7\u00e3o de al\u00edvio, de disposi\u00e7\u00e3o, pelo fato de conseguirmos descansar mais. Com isso, apreciar os momentos de lazer e distrair nossa mente com hobbies que gostamos de realizar.<\/p>\n<p><img decoding=\"async\" src=\"https:\/\/www.ejemackenzie.com.br\/wp-content\/uploads\/2021\/08\/gest\u00e3o-de-tempo-1.jpg\" sizes=\"(max-width: 416px) 100vw, 416px\" srcset=\"https:\/\/www.ejemackenzie.com.br\/wp-content\/uploads\/2021\/08\/gest\u00e3o-de-tempo-1.jpg 416w, https:\/\/www.ejemackenzie.com.br\/wp-content\/uploads\/2021\/08\/gest\u00e3o-de-tempo-1-300x196.jpg 300w\" alt=\"Homem sobrecarregado devido a falta de gest\u00e3o de tempo.\" width=\"416\" height=\"272\" \/><\/p>\n<p>A procrastina\u00e7\u00e3o&#8230;<\/p>\n<p>A procrastina\u00e7\u00e3o \u00e9 inimiga do tempo e de uma boa gest\u00e3o, pois gera perigo para nossa rotina, podendo desestabiliz\u00e1-la. Uma simples \u201colhadinha\u201d no celular j\u00e1 \u00e9 suficiente para nos atrapalhar e nos distrair. Assim, algumas tarefas ser\u00e3o jogadas mais para frente e como consequ\u00eancia o ac\u00famulo de coisas para serem feitas.<\/p>\n<p>Outro ato de procrastina\u00e7\u00e3o decorrente no nosso dia a dia \u00e9 a famosa fala: \u201cagora estou com pregui\u00e7a, mais tarde eu resolvo&#8221;. Pequenas tarefas acumuladas podem gerar uma dor de cabe\u00e7a maior do que a imaginada. Assim, devendo ser evitada.<\/p>\n<p>\u00c9 inevit\u00e1vel, ao decorrer do dia a dia, n\u00e3o cometer nenhum ato de procrastina\u00e7\u00e3o. Entretanto, ele deve ser evitado, pois quando vira um h\u00e1bito, afeta a nossa vida.<\/p>\n<p>Mas como evitar isso?<\/p>\n<p>Em primeiro lugar, precisamos trabalhar em cima do nosso psicol\u00f3gico, querer fazer acontecer, o desejo de querer evoluir. Desta forma, existem algumas t\u00e1ticas que podemos adotar como refer\u00eancia:<\/p>\n<ul>\n<li>Tra\u00e7ar objetivos, ter uma vis\u00e3o de onde voc\u00ea quer chegar.<\/li>\n<li>Planejamento das atividades. Identificar de forma di\u00e1ria, semanal, mensal, anual, como e quando ser\u00e3o realizadas essas atividades.<\/li>\n<li>\u00c9 quando ir\u00e1 analisar poss\u00edveis falhas e poss\u00edveis acertos do seu planejamento.<\/li>\n<li>Resolu\u00e7\u00e3o das falhas encontradas no acompanhamento.<\/li>\n<\/ul>\n<p>Al\u00e9m disso, existe um conceito muito falado hoje em dia para nos auxiliar a realizar uma boa gest\u00e3o do tempo, que \u00e9 a matriz de EISENHOWER.<\/p>\n<p><img decoding=\"async\" src=\"https:\/\/www.ejemackenzie.com.br\/wp-content\/uploads\/2021\/08\/gest\u00e3o-de-tempo-2.jpg\" sizes=\"(max-width: 396px) 100vw, 396px\" srcset=\"https:\/\/www.ejemackenzie.com.br\/wp-content\/uploads\/2021\/08\/gest\u00e3o-de-tempo-2.jpg 396w, https:\/\/www.ejemackenzie.com.br\/wp-content\/uploads\/2021\/08\/gest\u00e3o-de-tempo-2-150x150.jpg 150w, https:\/\/www.ejemackenzie.com.br\/wp-content\/uploads\/2021\/08\/gest\u00e3o-de-tempo-2-300x300.jpg 300w\" alt=\"MATRIZ DE EISENHOWER, utilizada para a gest\u00e3o de tempo.\" width=\"396\" height=\"396\" \/><\/p>\n<p>\u00a0A matriz consiste em um plano cartesiano com quatro quadrantes, onde posiciona-se as tarefas a serem realizadas e as prioridades delas.<\/p>\n<p>Al\u00e9m do mais, existe uma diversidade de ferramentas que podem auxiliar a realizar uma boa gest\u00e3o do tempo. Desta forma, meio caminho j\u00e1 est\u00e1 feito, \u00e9 necess\u00e1rio apenas que se tenha compromisso e vontade para que ela possa ajudar.\u00a0 Por exemplo:<\/p>\n<ol>\n<li>Google Agenda;<\/li>\n<li>Trello;<\/li>\n<li>Evernote;<\/li>\n<\/ol>\n<p>Uma curiosidade \u00e9 que todas as ferramentas citadas acima, podem ser acessadas e utilizadas de forma gratuita.<\/p>\n<p>\u00a0<\/p>\n<ul>\n<li>Google Agenda<\/li>\n<\/ul>\n<p>Ter uma agenda organizada \u00e9 fundamental para uma boa gest\u00e3o de tempo. O Google Agenda traz mais funcionalidades, al\u00e9m da fun\u00e7\u00e3o b\u00e1sica de criar eventos, que podem mudar a sua maneira de ver uma agenda.<\/p>\n<p>O primeiro deles \u00e9 visualizar a agenda dos seus colegas de trabalho.<\/p>\n<p>Conseguir marcar uma reuni\u00e3o era uma tarefa \u00e1rdua, que s\u00f3 ficava mais dif\u00edcil conforme o n\u00famero de pessoas aumentava pois tinha que se consultar a disponibilidade de cada um e achar um hor\u00e1rio em que todos estivessem dispon\u00edveis. Com o Google Agenda, \u00e9 poss\u00edvel compartilhar os seus compromissos.<\/p>\n<p>facilitando a tarefa do respons\u00e1vel por marcar uma reuni\u00e3o ou evento, pois j\u00e1 ter\u00e1 as informa\u00e7\u00f5es necess\u00e1rias de antem\u00e3o quando for criar o evento, o que otimiza muito o tempo.<\/p>\n<p>\u00a0Inclusive, tem uma fun\u00e7\u00e3o chamada agendamento inteligente, que verifica os hor\u00e1rios de cada um dos participantes e sugere uma data e hor\u00e1rio.<\/p>\n<p>Outra fun\u00e7\u00e3o muito interessante \u00e9 conseguir definir lembretes para os eventos.<\/p>\n<p>O Google agenda tem por padr\u00e3o uma notifica\u00e7\u00e3o de 10 minutos antes do evento, o que ajuda muito na gest\u00e3o de tempo e d\u00e1 a chance de arrumar os \u00faltimos preparativos ou ajustar os \u00faltimos detalhes.<\/p>\n<p>As notifica\u00e7\u00f5es podem ser personalizadas para at\u00e9 5 notifica\u00e7\u00f5es. Tamb\u00e9m pode-se escolher se ser\u00e3o horas, dias, semanas antes do evento e qual a forma de notifica\u00e7\u00e3o pode ser personalizada se ser\u00e3o pop-up, e-mails ou SMS no celular.<\/p>\n<p>Outra fun\u00e7\u00e3o, \u00e9 poder anexar documentos aos eventos, como planilhas, apresenta\u00e7\u00f5es do Google entre outros. Isso atrav\u00e9s de um recurso experimental chamado Google Labs, que lembra os participantes de acessar esses documentos antes do evento. Tamb\u00e9m podem ser anexados links para videochamadas que s\u00e3o gerados automaticamente.<\/p>\n<p>Al\u00e9m disso, realiza convers\u00e3o de fusos hor\u00e1rios. Para quem trabalha viajando com muita frequ\u00eancia, \u00e9 muito valioso ter esse recurso. Al\u00e9m disso, tamb\u00e9m facilita muito marcar um evento para pessoas que est\u00e3o em localidades diferentes.<\/p>\n<p>Essas s\u00e3o s\u00f3 algumas das funcionalidades do Google Agenda, mas com essas ferramentas e muitas outras que ele oferece, voc\u00ea pode melhorar muito sua gest\u00e3o de tempo. Aumentando sua produtividade e facilitando muitas de suas tarefas di\u00e1rias.<\/p>\n<p>\u00a0<\/p>\n<ul>\n<li>Trello<\/li>\n<\/ul>\n<p>Outro fator crucial para ter uma boa gest\u00e3o de tempo, \u00e9 ter um bom fluxo de trabalho.<\/p>\n<p>Qual foi a \u00faltima vez que voc\u00ea parou para revisar seu fluxograma? Ser\u00e1 que n\u00e3o est\u00e1 na hora de rever sua rotina e sair da zona de conforto?<\/p>\n<p>Os melhores fluxogramas s\u00e3o aqueles formados por processos, no entanto, as melhores atividades s\u00e3o aquelas que s\u00e3o flex\u00edveis o bastante para trazer melhorias.<\/p>\n<p>Com o Trello, voc\u00ea pode atribuir etiquetas para cada card, essas etiquetas podem ser desde qual \u00e1rea aquele card \u00e9, at\u00e9 o membro da equipe que est\u00e1 respons\u00e1vel por aquela tarefa. Assim, nos ajuda a ter uma r\u00e1pida visualiza\u00e7\u00e3o do fluxo de trabalho.<\/p>\n<p>Tamb\u00e9m pode-se atribuir uma descri\u00e7\u00e3o, assim, d\u00e1 pra colocar uma melhor explica\u00e7\u00e3o do que aquele card \u00e9. Desta forma, pode servir como integra\u00e7\u00e3o de novas pessoas na empresa, assim conseguem alinhar-se como as coisas funcionam. Independente da fun\u00e7\u00e3o \u00e9 super \u00fatil explicar o prop\u00f3sito do card e como pode ser usado.<\/p>\n<p>Outra fun\u00e7\u00e3o interessante \u00e9 a possibilidade de criar uma checklist dentro do card, o que pode ser muito \u00fatil para esmiu\u00e7ar os passos daquele processo. Pode ser usado para listar quem tem que fazer qual etapa. Outra ferramenta que, independente da forma que ser\u00e1 usada, tem muito a agregar no seu fluxo de trabalho otimizando os processos e melhorando sua gest\u00e3o de tempo.<\/p>\n<p>\u00c9 poss\u00edvel estabelecer uma data de entrega para os cards, assim, colocando uma linha de tempo para as tarefas. Existem v\u00e1rias op\u00e7\u00f5es de personaliza\u00e7\u00e3o das notifica\u00e7\u00f5es que v\u00e3o desde a hora da entrega at\u00e9 dois dias antes. Essa fun\u00e7\u00e3o pode parecer simples mas ajuda muito na gest\u00e3o de prazos.<\/p>\n<p>\u00a0<\/p>\n<ul>\n<li>Evernote<\/li>\n<\/ul>\n<p>O Evernote funciona como um caderno virtual, em que, de maneira pr\u00e1tica e simples, consegue-se anotar pautas e objetivos de reuni\u00f5es. Ademais, traz a funcionalidade de compartilhar essas anota\u00e7\u00f5es com outros usu\u00e1rios.<\/p>\n<p>Al\u00e9m disso, podemos criar etiquetas para facilitar o trabalho de pesquisa dentro do software. Elas funcionam de uma maneira semelhante \u00e0s tags, tem a fun\u00e7\u00e3o de nos ajudar. Voc\u00ea apenas deve digitar o tema que gostaria de achar e logo em seguida, ele j\u00e1 te mostra.<\/p>\n<p>\u00a0<\/p>\n<p>A boa gest\u00e3o do tempo \u00e9 primordial em diversos aspectos, desde as menores coisas, at\u00e9 as maiores. Al\u00e9m de nos auxiliar e nos permitir ter um bom rendimento no servi\u00e7o, sempre estar descansado e animado perto da fam\u00edlia. Ademais, contamos com a sorte de termos muitas informa\u00e7\u00f5es e ferramentas para nos ajudar.<\/p>\n<p><a href=\"https:\/\/www.mack.ejemackenzie.com.br\/newsletter\" data-elementor-open-lightbox=\"\"><br \/><br \/><\/a><\/p>\n\n\n<p><\/p>\n","protected":false},"excerpt":{"rendered":"<p>\u00a0 Eduardo Henrique Gomes de Mello e Pedro Izarchi Leite Gest\u00e3o de tempo\u00a0 \u00e9 um tema com alta relev\u00e2ncia e extrema import\u00e2ncia na atual sociedade e vem sendo abordado cada vez mais. Mas afinal, o que \u00e9 gest\u00e3o de tempo? Gest\u00e3o de tempo nada mais \u00e9 do que o pr\u00f3prio nome diz: um processo, uma &hellip;<\/p>\n<p class=\"read-more\"> <a class=\"\" href=\"https:\/\/ejemackenzie.com.br\/ejem\/3-plataformas-para-boa-gestao-de-tempo\/\"> <span class=\"screen-reader-text\">3 plataformas para te ajudar a ter uma boa gest\u00e3o de tempo e evitar sobrecarga<\/span> Leia mais &raquo;<\/a><\/p>\n","protected":false},"author":2,"featured_media":13858,"comment_status":"closed","ping_status":"open","sticky":false,"template":"","format":"standard","meta":{"site-sidebar-layout":"default","site-content-layout":"default","ast-global-header-display":"","ast-main-header-display":"","ast-hfb-above-header-display":"","ast-hfb-below-header-display":"","ast-hfb-mobile-header-display":"","site-post-title":"","ast-breadcrumbs-content":"","ast-featured-img":"","footer-sml-layout":"","theme-transparent-header-meta":"","adv-header-id-meta":"","stick-header-meta":"","header-above-stick-meta":"","header-main-stick-meta":"","header-below-stick-meta":"","_joinchat":[],"footnotes":""},"categories":[7],"tags":[],"class_list":["post-9645","post","type-post","status-publish","format-standard","has-post-thumbnail","hentry","category-geral"],"yoast_head":"<!-- This site is optimized with the Yoast SEO plugin v27.2 - https:\/\/yoast.com\/product\/yoast-seo-wordpress\/ -->\n<title>3 plataformas para te ajudar a ter uma boa gest\u00e3o de tempo e evitar sobrecarga - Ejem<\/title>\n<meta name=\"robots\" content=\"index, follow, max-snippet:-1, max-image-preview:large, max-video-preview:-1\" \/>\n<link rel=\"canonical\" href=\"https:\/\/ejemackenzie.com.br\/ejem\/3-plataformas-para-boa-gestao-de-tempo\/\" \/>\n<meta property=\"og:locale\" content=\"pt_BR\" \/>\n<meta property=\"og:type\" content=\"article\" \/>\n<meta property=\"og:title\" content=\"3 plataformas para te ajudar a ter uma boa gest\u00e3o de tempo e evitar sobrecarga - Ejem\" \/>\n<meta property=\"og:description\" content=\"\u00a0 Eduardo Henrique Gomes de Mello e Pedro Izarchi Leite Gest\u00e3o de tempo\u00a0 \u00e9 um tema com alta relev\u00e2ncia e extrema import\u00e2ncia na atual sociedade e vem sendo abordado cada vez mais. Mas afinal, o que \u00e9 gest\u00e3o de tempo? Gest\u00e3o de tempo nada mais \u00e9 do que o pr\u00f3prio nome diz: um processo, uma &hellip; 3 plataformas para te ajudar a ter uma boa gest\u00e3o de tempo e evitar sobrecarga Leia mais &raquo;\" \/>\n<meta property=\"og:url\" content=\"https:\/\/ejemackenzie.com.br\/ejem\/3-plataformas-para-boa-gestao-de-tempo\/\" \/>\n<meta property=\"og:site_name\" content=\"Ejem\" \/>\n<meta property=\"article:published_time\" content=\"2021-08-17T19:00:07+00:00\" \/>\n<meta property=\"article:modified_time\" content=\"2022-05-30T12:37:48+00:00\" \/>\n<meta property=\"og:image\" content=\"https:\/\/www.ejemackenzie.com.br\/wp-content\/uploads\/2021\/08\/pexels-bich-tran-760718-1024x681.jpg\" \/>\n<meta name=\"author\" content=\"ejem.mackenzie\" \/>\n<meta name=\"twitter:card\" content=\"summary_large_image\" \/>\n<meta name=\"twitter:label1\" content=\"Escrito por\" \/>\n\t<meta name=\"twitter:data1\" content=\"ejem.mackenzie\" \/>\n\t<meta name=\"twitter:label2\" content=\"Est. tempo de leitura\" \/>\n\t<meta name=\"twitter:data2\" content=\"7 minutos\" \/>\n<script type=\"application\/ld+json\" class=\"yoast-schema-graph\">{\"@context\":\"https:\/\/schema.org\",\"@graph\":[{\"@type\":\"Article\",\"@id\":\"https:\/\/ejemackenzie.com.br\/ejem\/3-plataformas-para-boa-gestao-de-tempo\/#article\",\"isPartOf\":{\"@id\":\"https:\/\/ejemackenzie.com.br\/ejem\/3-plataformas-para-boa-gestao-de-tempo\/\"},\"author\":{\"name\":\"ejem.mackenzie\",\"@id\":\"https:\/\/ejemackenzie.com.br\/ejem\/#\/schema\/person\/439f31abf29375d9ef149a4250480129\"},\"headline\":\"3 plataformas para te ajudar a ter uma boa gest\u00e3o de tempo e evitar sobrecarga\",\"datePublished\":\"2021-08-17T19:00:07+00:00\",\"dateModified\":\"2022-05-30T12:37:48+00:00\",\"mainEntityOfPage\":{\"@id\":\"https:\/\/ejemackenzie.com.br\/ejem\/3-plataformas-para-boa-gestao-de-tempo\/\"},\"wordCount\":1444,\"publisher\":{\"@id\":\"https:\/\/ejemackenzie.com.br\/ejem\/#organization\"},\"image\":{\"@id\":\"https:\/\/ejemackenzie.com.br\/ejem\/3-plataformas-para-boa-gestao-de-tempo\/#primaryimage\"},\"thumbnailUrl\":\"https:\/\/ejemackenzie.com.br\/ejem\/wp-content\/uploads\/2021\/08\/pexels-bich-tran-760718-scaled.jpg\",\"articleSection\":[\"Geral\"],\"inLanguage\":\"pt-BR\"},{\"@type\":\"WebPage\",\"@id\":\"https:\/\/ejemackenzie.com.br\/ejem\/3-plataformas-para-boa-gestao-de-tempo\/\",\"url\":\"https:\/\/ejemackenzie.com.br\/ejem\/3-plataformas-para-boa-gestao-de-tempo\/\",\"name\":\"3 plataformas para te ajudar a ter uma boa gest\u00e3o de tempo e evitar sobrecarga - Ejem\",\"isPartOf\":{\"@id\":\"https:\/\/ejemackenzie.com.br\/ejem\/#website\"},\"primaryImageOfPage\":{\"@id\":\"https:\/\/ejemackenzie.com.br\/ejem\/3-plataformas-para-boa-gestao-de-tempo\/#primaryimage\"},\"image\":{\"@id\":\"https:\/\/ejemackenzie.com.br\/ejem\/3-plataformas-para-boa-gestao-de-tempo\/#primaryimage\"},\"thumbnailUrl\":\"https:\/\/ejemackenzie.com.br\/ejem\/wp-content\/uploads\/2021\/08\/pexels-bich-tran-760718-scaled.jpg\",\"datePublished\":\"2021-08-17T19:00:07+00:00\",\"dateModified\":\"2022-05-30T12:37:48+00:00\",\"breadcrumb\":{\"@id\":\"https:\/\/ejemackenzie.com.br\/ejem\/3-plataformas-para-boa-gestao-de-tempo\/#breadcrumb\"},\"inLanguage\":\"pt-BR\",\"potentialAction\":[{\"@type\":\"ReadAction\",\"target\":[\"https:\/\/ejemackenzie.com.br\/ejem\/3-plataformas-para-boa-gestao-de-tempo\/\"]}]},{\"@type\":\"ImageObject\",\"inLanguage\":\"pt-BR\",\"@id\":\"https:\/\/ejemackenzie.com.br\/ejem\/3-plataformas-para-boa-gestao-de-tempo\/#primaryimage\",\"url\":\"https:\/\/ejemackenzie.com.br\/ejem\/wp-content\/uploads\/2021\/08\/pexels-bich-tran-760718-scaled.jpg\",\"contentUrl\":\"https:\/\/ejemackenzie.com.br\/ejem\/wp-content\/uploads\/2021\/08\/pexels-bich-tran-760718-scaled.jpg\",\"width\":2560,\"height\":1703,\"caption\":\"Organizando um calend\u00e1rio para uma Gest\u00e3o de tempo\"},{\"@type\":\"BreadcrumbList\",\"@id\":\"https:\/\/ejemackenzie.com.br\/ejem\/3-plataformas-para-boa-gestao-de-tempo\/#breadcrumb\",\"itemListElement\":[{\"@type\":\"ListItem\",\"position\":1,\"name\":\"In\u00edcio\",\"item\":\"https:\/\/ejemackenzie.com.br\/ejem\/\"},{\"@type\":\"ListItem\",\"position\":2,\"name\":\"3 plataformas para te ajudar a ter uma boa gest\u00e3o de tempo e evitar sobrecarga\"}]},{\"@type\":\"WebSite\",\"@id\":\"https:\/\/ejemackenzie.com.br\/ejem\/#website\",\"url\":\"https:\/\/ejemackenzie.com.br\/ejem\/\",\"name\":\"Ejem\",\"description\":\"Solu\u00e7\u00f5es em Engenharia\",\"publisher\":{\"@id\":\"https:\/\/ejemackenzie.com.br\/ejem\/#organization\"},\"potentialAction\":[{\"@type\":\"SearchAction\",\"target\":{\"@type\":\"EntryPoint\",\"urlTemplate\":\"https:\/\/ejemackenzie.com.br\/ejem\/?s={search_term_string}\"},\"query-input\":{\"@type\":\"PropertyValueSpecification\",\"valueRequired\":true,\"valueName\":\"search_term_string\"}}],\"inLanguage\":\"pt-BR\"},{\"@type\":\"Organization\",\"@id\":\"https:\/\/ejemackenzie.com.br\/ejem\/#organization\",\"name\":\"Ejem\",\"url\":\"https:\/\/ejemackenzie.com.br\/ejem\/\",\"logo\":{\"@type\":\"ImageObject\",\"inLanguage\":\"pt-BR\",\"@id\":\"https:\/\/ejemackenzie.com.br\/ejem\/#\/schema\/logo\/image\/\",\"url\":\"https:\/\/ejemackenzie.com.br\/ejem\/wp-content\/uploads\/2022\/10\/cropped-logovermelho.png\",\"contentUrl\":\"https:\/\/ejemackenzie.com.br\/ejem\/wp-content\/uploads\/2022\/10\/cropped-logovermelho.png\",\"width\":1382,\"height\":674,\"caption\":\"Ejem\"},\"image\":{\"@id\":\"https:\/\/ejemackenzie.com.br\/ejem\/#\/schema\/logo\/image\/\"}},{\"@type\":\"Person\",\"@id\":\"https:\/\/ejemackenzie.com.br\/ejem\/#\/schema\/person\/439f31abf29375d9ef149a4250480129\",\"name\":\"ejem.mackenzie\",\"image\":{\"@type\":\"ImageObject\",\"inLanguage\":\"pt-BR\",\"@id\":\"https:\/\/secure.gravatar.com\/avatar\/ec0ada7ea121ee3cd1f098f16e0cd88274b688841a992967f5e7e087fc66e6de?s=96&d=mm&r=g\",\"url\":\"https:\/\/secure.gravatar.com\/avatar\/ec0ada7ea121ee3cd1f098f16e0cd88274b688841a992967f5e7e087fc66e6de?s=96&d=mm&r=g\",\"contentUrl\":\"https:\/\/secure.gravatar.com\/avatar\/ec0ada7ea121ee3cd1f098f16e0cd88274b688841a992967f5e7e087fc66e6de?s=96&d=mm&r=g\",\"caption\":\"ejem.mackenzie\"},\"url\":\"https:\/\/ejemackenzie.com.br\/ejem\/author\/ejem-mackenzie\/\"}]}<\/script>\n<!-- \/ Yoast SEO plugin. -->","yoast_head_json":{"title":"3 plataformas para te ajudar a ter uma boa gest\u00e3o de tempo e evitar sobrecarga - Ejem","robots":{"index":"index","follow":"follow","max-snippet":"max-snippet:-1","max-image-preview":"max-image-preview:large","max-video-preview":"max-video-preview:-1"},"canonical":"https:\/\/ejemackenzie.com.br\/ejem\/3-plataformas-para-boa-gestao-de-tempo\/","og_locale":"pt_BR","og_type":"article","og_title":"3 plataformas para te ajudar a ter uma boa gest\u00e3o de tempo e evitar sobrecarga - Ejem","og_description":"\u00a0 Eduardo Henrique Gomes de Mello e Pedro Izarchi Leite Gest\u00e3o de tempo\u00a0 \u00e9 um tema com alta relev\u00e2ncia e extrema import\u00e2ncia na atual sociedade e vem sendo abordado cada vez mais. Mas afinal, o que \u00e9 gest\u00e3o de tempo? Gest\u00e3o de tempo nada mais \u00e9 do que o pr\u00f3prio nome diz: um processo, uma &hellip; 3 plataformas para te ajudar a ter uma boa gest\u00e3o de tempo e evitar sobrecarga Leia mais &raquo;","og_url":"https:\/\/ejemackenzie.com.br\/ejem\/3-plataformas-para-boa-gestao-de-tempo\/","og_site_name":"Ejem","article_published_time":"2021-08-17T19:00:07+00:00","article_modified_time":"2022-05-30T12:37:48+00:00","og_image":[{"url":"https:\/\/www.ejemackenzie.com.br\/wp-content\/uploads\/2021\/08\/pexels-bich-tran-760718-1024x681.jpg","type":"","width":"","height":""}],"author":"ejem.mackenzie","twitter_card":"summary_large_image","twitter_misc":{"Escrito por":"ejem.mackenzie","Est. tempo de leitura":"7 minutos"},"schema":{"@context":"https:\/\/schema.org","@graph":[{"@type":"Article","@id":"https:\/\/ejemackenzie.com.br\/ejem\/3-plataformas-para-boa-gestao-de-tempo\/#article","isPartOf":{"@id":"https:\/\/ejemackenzie.com.br\/ejem\/3-plataformas-para-boa-gestao-de-tempo\/"},"author":{"name":"ejem.mackenzie","@id":"https:\/\/ejemackenzie.com.br\/ejem\/#\/schema\/person\/439f31abf29375d9ef149a4250480129"},"headline":"3 plataformas para te ajudar a ter uma boa gest\u00e3o de tempo e evitar sobrecarga","datePublished":"2021-08-17T19:00:07+00:00","dateModified":"2022-05-30T12:37:48+00:00","mainEntityOfPage":{"@id":"https:\/\/ejemackenzie.com.br\/ejem\/3-plataformas-para-boa-gestao-de-tempo\/"},"wordCount":1444,"publisher":{"@id":"https:\/\/ejemackenzie.com.br\/ejem\/#organization"},"image":{"@id":"https:\/\/ejemackenzie.com.br\/ejem\/3-plataformas-para-boa-gestao-de-tempo\/#primaryimage"},"thumbnailUrl":"https:\/\/ejemackenzie.com.br\/ejem\/wp-content\/uploads\/2021\/08\/pexels-bich-tran-760718-scaled.jpg","articleSection":["Geral"],"inLanguage":"pt-BR"},{"@type":"WebPage","@id":"https:\/\/ejemackenzie.com.br\/ejem\/3-plataformas-para-boa-gestao-de-tempo\/","url":"https:\/\/ejemackenzie.com.br\/ejem\/3-plataformas-para-boa-gestao-de-tempo\/","name":"3 plataformas para te ajudar a ter uma boa gest\u00e3o de tempo e evitar sobrecarga - Ejem","isPartOf":{"@id":"https:\/\/ejemackenzie.com.br\/ejem\/#website"},"primaryImageOfPage":{"@id":"https:\/\/ejemackenzie.com.br\/ejem\/3-plataformas-para-boa-gestao-de-tempo\/#primaryimage"},"image":{"@id":"https:\/\/ejemackenzie.com.br\/ejem\/3-plataformas-para-boa-gestao-de-tempo\/#primaryimage"},"thumbnailUrl":"https:\/\/ejemackenzie.com.br\/ejem\/wp-content\/uploads\/2021\/08\/pexels-bich-tran-760718-scaled.jpg","datePublished":"2021-08-17T19:00:07+00:00","dateModified":"2022-05-30T12:37:48+00:00","breadcrumb":{"@id":"https:\/\/ejemackenzie.com.br\/ejem\/3-plataformas-para-boa-gestao-de-tempo\/#breadcrumb"},"inLanguage":"pt-BR","potentialAction":[{"@type":"ReadAction","target":["https:\/\/ejemackenzie.com.br\/ejem\/3-plataformas-para-boa-gestao-de-tempo\/"]}]},{"@type":"ImageObject","inLanguage":"pt-BR","@id":"https:\/\/ejemackenzie.com.br\/ejem\/3-plataformas-para-boa-gestao-de-tempo\/#primaryimage","url":"https:\/\/ejemackenzie.com.br\/ejem\/wp-content\/uploads\/2021\/08\/pexels-bich-tran-760718-scaled.jpg","contentUrl":"https:\/\/ejemackenzie.com.br\/ejem\/wp-content\/uploads\/2021\/08\/pexels-bich-tran-760718-scaled.jpg","width":2560,"height":1703,"caption":"Organizando um calend\u00e1rio para uma Gest\u00e3o de tempo"},{"@type":"BreadcrumbList","@id":"https:\/\/ejemackenzie.com.br\/ejem\/3-plataformas-para-boa-gestao-de-tempo\/#breadcrumb","itemListElement":[{"@type":"ListItem","position":1,"name":"In\u00edcio","item":"https:\/\/ejemackenzie.com.br\/ejem\/"},{"@type":"ListItem","position":2,"name":"3 plataformas para te ajudar a ter uma boa gest\u00e3o de tempo e evitar sobrecarga"}]},{"@type":"WebSite","@id":"https:\/\/ejemackenzie.com.br\/ejem\/#website","url":"https:\/\/ejemackenzie.com.br\/ejem\/","name":"Ejem","description":"Solu\u00e7\u00f5es em Engenharia","publisher":{"@id":"https:\/\/ejemackenzie.com.br\/ejem\/#organization"},"potentialAction":[{"@type":"SearchAction","target":{"@type":"EntryPoint","urlTemplate":"https:\/\/ejemackenzie.com.br\/ejem\/?s={search_term_string}"},"query-input":{"@type":"PropertyValueSpecification","valueRequired":true,"valueName":"search_term_string"}}],"inLanguage":"pt-BR"},{"@type":"Organization","@id":"https:\/\/ejemackenzie.com.br\/ejem\/#organization","name":"Ejem","url":"https:\/\/ejemackenzie.com.br\/ejem\/","logo":{"@type":"ImageObject","inLanguage":"pt-BR","@id":"https:\/\/ejemackenzie.com.br\/ejem\/#\/schema\/logo\/image\/","url":"https:\/\/ejemackenzie.com.br\/ejem\/wp-content\/uploads\/2022\/10\/cropped-logovermelho.png","contentUrl":"https:\/\/ejemackenzie.com.br\/ejem\/wp-content\/uploads\/2022\/10\/cropped-logovermelho.png","width":1382,"height":674,"caption":"Ejem"},"image":{"@id":"https:\/\/ejemackenzie.com.br\/ejem\/#\/schema\/logo\/image\/"}},{"@type":"Person","@id":"https:\/\/ejemackenzie.com.br\/ejem\/#\/schema\/person\/439f31abf29375d9ef149a4250480129","name":"ejem.mackenzie","image":{"@type":"ImageObject","inLanguage":"pt-BR","@id":"https:\/\/secure.gravatar.com\/avatar\/ec0ada7ea121ee3cd1f098f16e0cd88274b688841a992967f5e7e087fc66e6de?s=96&d=mm&r=g","url":"https:\/\/secure.gravatar.com\/avatar\/ec0ada7ea121ee3cd1f098f16e0cd88274b688841a992967f5e7e087fc66e6de?s=96&d=mm&r=g","contentUrl":"https:\/\/secure.gravatar.com\/avatar\/ec0ada7ea121ee3cd1f098f16e0cd88274b688841a992967f5e7e087fc66e6de?s=96&d=mm&r=g","caption":"ejem.mackenzie"},"url":"https:\/\/ejemackenzie.com.br\/ejem\/author\/ejem-mackenzie\/"}]}},"_links":{"self":[{"href":"https:\/\/ejemackenzie.com.br\/ejem\/wp-json\/wp\/v2\/posts\/9645","targetHints":{"allow":["GET"]}}],"collection":[{"href":"https:\/\/ejemackenzie.com.br\/ejem\/wp-json\/wp\/v2\/posts"}],"about":[{"href":"https:\/\/ejemackenzie.com.br\/ejem\/wp-json\/wp\/v2\/types\/post"}],"author":[{"embeddable":true,"href":"https:\/\/ejemackenzie.com.br\/ejem\/wp-json\/wp\/v2\/users\/2"}],"replies":[{"embeddable":true,"href":"https:\/\/ejemackenzie.com.br\/ejem\/wp-json\/wp\/v2\/comments?post=9645"}],"version-history":[{"count":1,"href":"https:\/\/ejemackenzie.com.br\/ejem\/wp-json\/wp\/v2\/posts\/9645\/revisions"}],"predecessor-version":[{"id":10505,"href":"https:\/\/ejemackenzie.com.br\/ejem\/wp-json\/wp\/v2\/posts\/9645\/revisions\/10505"}],"wp:featuredmedia":[{"embeddable":true,"href":"https:\/\/ejemackenzie.com.br\/ejem\/wp-json\/wp\/v2\/media\/13858"}],"wp:attachment":[{"href":"https:\/\/ejemackenzie.com.br\/ejem\/wp-json\/wp\/v2\/media?parent=9645"}],"wp:term":[{"taxonomy":"category","embeddable":true,"href":"https:\/\/ejemackenzie.com.br\/ejem\/wp-json\/wp\/v2\/categories?post=9645"},{"taxonomy":"post_tag","embeddable":true,"href":"https:\/\/ejemackenzie.com.br\/ejem\/wp-json\/wp\/v2\/tags?post=9645"}],"curies":[{"name":"wp","href":"https:\/\/api.w.org\/{rel}","templated":true}]}}