{"id":9622,"date":"2021-03-02T18:53:54","date_gmt":"2021-03-02T21:53:54","guid":{"rendered":"https:\/\/www.ejemackenzie.com.br\/?p=5507"},"modified":"2022-05-30T12:37:50","modified_gmt":"2022-05-30T12:37:50","slug":"3-motivos-para-reformar-imovel-na-pandemia","status":"publish","type":"post","link":"https:\/\/ejemackenzie.com.br\/ejem\/3-motivos-para-reformar-imovel-na-pandemia\/","title":{"rendered":"3 Motivos para Reformar seu Im\u00f3vel ainda na Pandemia"},"content":{"rendered":"<h1>\u00a0<\/h1>\n<h2>Suzana Alencar<\/h2>\n<p><img fetchpriority=\"high\" decoding=\"async\" src=\"https:\/\/www.ejemackenzie.com.br\/wp-content\/uploads\/2021\/03\/suzi.jpg\" sizes=\"(max-width: 478px) 100vw, 478px\" srcset=\"https:\/\/www.ejemackenzie.com.br\/wp-content\/uploads\/2021\/03\/suzi.jpg 478w, https:\/\/www.ejemackenzie.com.br\/wp-content\/uploads\/2021\/03\/suzi-300x200.jpg 300w\" alt=\"Reforma possibilita ajustar espa\u00e7os em seu im\u00f3vel para a nova realidade\" width=\"478\" height=\"319\" \/><\/p>\n<p>Durante nosso dia a dia agitado antes do Covid-19, muitas vezes s\u00f3 utiliz\u00e1vamos nossa casa como um ambiente para dormirmos. Nesse sentido, n\u00e3o a enxerg\u00e1vamos como um espa\u00e7o de lazer, aconchego ou, at\u00e9 mesmo, de trabalho.<\/p>\n<p>Com o decreto da quarentena, foi preciso permanecer em casa e mudar totalmente o nosso antigo jeito de viver, precisando se adaptar ao novo per\u00edodo. Com isso, conseguimos visualizar de uma melhor forma os ambientes dela com o passar do tempo e aproveit\u00e1-los de verdade.<\/p>\n<p>Em escrit\u00f3rios e empresas, fazer uma reforma poderia parecer uma ideia distante. Isso se dava, principalmente, com a quantidade de funcion\u00e1rios presentes no local todos os dias e enxergar o espa\u00e7o ocupado pode n\u00e3o ser t\u00e3o f\u00e1cil assim. Nesse texto, apresentaremos 3 motivos para realizar uma reforma em seu im\u00f3vel ainda durante a pandemia.<\/p>\n<ol start=\"1\" type=\"1\">\n<li><b>Disponibilidade e tempo<\/b><\/li>\n<\/ol>\n<p>Durante a correria da vida antes de Covid-19, dificilmente as pessoas passavam longos per\u00edodos em casa porque gostavam ou precisavam. Trat\u00e1vamos nosso lar apenas como um espa\u00e7o a mais, mesmo que \u00e0s vezes o aproveit\u00e1vamos. Fazer uma reforma anteriormente poderia estar no seu pensamento, mas dificilmente pareceria vi\u00e1vel por conta da falta de tempo para dar aten\u00e7\u00e3o a isso.<\/p>\n<p>Como foi preciso ficar em casa por conta do Covid-19, torna-se mais percept\u00edvel a necessidade de realizar algumas mudan\u00e7as nela. Al\u00e9m disso, foi poss\u00edvel enxergar como um espa\u00e7o que precisa de uma maior dedica\u00e7\u00e3o, principalmente se voc\u00ea estar\u00e1 dentro dela por um longo per\u00edodo.<\/p>\n<p>Tempo, o que mais faltava nos nossos dias e reclam\u00e1vamos da falta dele, foi o que mais esteve dispon\u00edvel para n\u00f3s durante esse per\u00edodo. Ouse falar quem n\u00e3o sentiu t\u00e9dio no per\u00edodo da quarentena, apesar das tarefas di\u00e1rias. O momento da pandemia se mostra extremamente adequado para efetivar uma reforma porque \u00e9 poss\u00edvel pensar detalhadamente no que deseja mudar dentro de casa.<\/p>\n<p>Assim, \u00e9 poss\u00edvel analisar ambientes de acordo com seu gosto para melhorar al\u00e9m dos que possuem necessidade de mudan\u00e7a. Coisas que n\u00e3o incomodavam antes, pois n\u00e3o passava a ser percept\u00edvel aos olhos, pode ser um dos motivos para altera\u00e7\u00f5es.<\/p>\n<p>Uma vez que a maioria das empresas come\u00e7aram a atender online, isso facilitou a disponibilidade de hor\u00e1rios para todos. Al\u00e9m disso, a comunica\u00e7\u00e3o se tornou extremamente mais f\u00e1cil. Por conta da pandemia, os hor\u00e1rios se tornaram mais flex\u00edveis. N\u00e3o \u00e9 necess\u00e1rio que se pegue horas de engarrafamento para visualizar o projeto, basta abrir uma p\u00e1gina em seu computador ou celular.<\/p>\n<p>Para quem gosta de dar uma maior aten\u00e7\u00e3o para os projetos de reforma, esse \u00e9 o tempo perfeito para realizar essas modifica\u00e7\u00f5es. Diante disso, \u00e9 poss\u00edvel acompanhar todas as etapas da melhor forma que voc\u00ea gostaria, principalmente se gosta de conversar com pessoas que est\u00e3o encarregadas disso.<\/p>\n<p>No mais, h\u00e1 possibilidade de ajustar os ambientes mesmo que os moradores continuem morando na casa, sem a necessidade de se mudar. Para pessoas que recentemente compraram alguma casa durante a quarentena porque tiveram tempo para olhar um local, reform\u00e1-la do zero \u00e9 uma excelente ideia.<\/p>\n<p><a href=\"https:\/\/www.mack.ejemackenzie.com.br\/newsletter\" data-elementor-open-lightbox=\"\"><br \/><img decoding=\"async\" src=\"https:\/\/www.ejemackenzie.com.br\/wp-content\/uploads\/2019\/03\/SE-INTERESSOU-POR-NOSSOS-CONTE\u00daDOS_-RECEBA-NOSSA-NEWSLETTER.png\" sizes=\"(max-width: 2268px) 100vw, 2268px\" srcset=\"https:\/\/www.ejemackenzie.com.br\/wp-content\/uploads\/2019\/03\/SE-INTERESSOU-POR-NOSSOS-CONTE\u00daDOS_-RECEBA-NOSSA-NEWSLETTER.png 2268w, https:\/\/www.ejemackenzie.com.br\/wp-content\/uploads\/2019\/03\/SE-INTERESSOU-POR-NOSSOS-CONTE\u00daDOS_-RECEBA-NOSSA-NEWSLETTER-300x25.png 300w, https:\/\/www.ejemackenzie.com.br\/wp-content\/uploads\/2019\/03\/SE-INTERESSOU-POR-NOSSOS-CONTE\u00daDOS_-RECEBA-NOSSA-NEWSLETTER-768x64.png 768w, https:\/\/www.ejemackenzie.com.br\/wp-content\/uploads\/2019\/03\/SE-INTERESSOU-POR-NOSSOS-CONTE\u00daDOS_-RECEBA-NOSSA-NEWSLETTER-1024x85.png 1024w\" alt=\"\" width=\"2268\" height=\"189\" \/> <\/a><\/p>\n<ol start=\"2\" type=\"1\">\n<li>Priorizar conforto no ambiente<\/li>\n<\/ol>\n<p>Entender o valor da nossa casa \u00e9 de extrema import\u00e2ncia se iremos passar 24h por dia dentro dela. Por isso, \u00e9 necess\u00e1rio que se trate o ambiente da melhor forma, para se sentir confort\u00e1vel para passar um longo tempo. A mudan\u00e7a total de um ambiente ou torn\u00e1-lo mais confort\u00e1vel pode deixar o momento de pandemia mais leve. O lugar em que voc\u00ea habita deve ser o que voc\u00ea mais deve se sentir seguro e satisfat\u00f3rio.<\/p>\n<p>Nesse per\u00edodo, \u00e9 poss\u00edvel observar melhor o que mais incomoda dentro de casa, al\u00e9m de analisar necessidades para uma reforma. Encontrar detalhes que antes n\u00e3o enxergar\u00edamos \u00e9 mais f\u00e1cil agora e se algo mudar far\u00e1 com que o ambiente se torne mais aconchegante. Al\u00e9m disso, voc\u00ea consegue caracteriz\u00e1-los de acordo com as suas prefer\u00eancias e o que faz voc\u00ea se sentir em um lar.<\/p>\n<p>Outro ponto aqui \u00e9 poder organizar a bagun\u00e7a que se acumulou por falta de tempo. Estar em um ambiente desorganizado interfere diretamente na qualidade de nossas vidas. Cuidar de onde moramos \u00e9 cuidarmos de n\u00f3s mesmos. Por isso, \u00e9 prefer\u00edvel que esse desconforto causado pela falta de uma reforma n\u00e3o se estenda mais ainda. Por exemplo, consertar da forma correta infiltra\u00e7\u00f5es, rachaduras ou vazamentos.<\/p>\n<p>Explorar os ambientes dispon\u00edveis atrav\u00e9s de uma reforma \u00e9 essencial, independente se o espa\u00e7o \u00e9 amplo ou reduzido. Transform\u00e1-los em lugares funcionais \u00e9 poss\u00edvel com isso, visto que se consegue aproveitar o melhor de cada cantinho. \u00c9 importante pensar em cada \u00e1rea como espec\u00edfica e adequ\u00e1-la do jeito mais prop\u00edcio n\u00e3o s\u00f3 para o momento, mas a longo prazo.<\/p>\n<p>Pensar em adiar esses eventos com a possibilidade de voltar algum dia para nosso normal pode prejudicar nossa sa\u00fade f\u00edsica e mental. Sair da nossa zona de conforto e colocar em pr\u00e1ticas nossas ideias \u00e9 indispens\u00e1vel ainda mais agora. Por isso, n\u00e3o h\u00e1 motivos para se hesitar em realizar mudan\u00e7as, sejam elas grandes ou pequenas. Se n\u00e3o agora, quando?<\/p>\n<ol start=\"3\" type=\"1\">\n<li>Home Office<\/li>\n<\/ol>\n<p>A mudan\u00e7a de local de trabalho e\/ou estudo refletiu que a maioria das casas n\u00e3o estavam prontas para isso. Esse tempo tem servido para percebemos, como j\u00e1 citado anteriormente, que nosso ambiente precisa ser um lugar confort\u00e1vel. Por isso, \u00e9 imprescind\u00edvel ter um local adequado para realizar nossas tarefas di\u00e1rias.<\/p>\n<p><a href=\"https:\/\/catracalivre.com.br\/equilibre-se\/ansiedade-e-alta-produtividade-home-office-exige-equilibrio\/\">Estudos<\/a>\u00a0feitos pelo Centro de Inova\u00e7\u00e3o da Funda\u00e7\u00e3o Get\u00falio Vargas\u00a0t\u00eam mostrado que durante o processo de pandemia os brasileiros sentem dificuldade moderada ou muita dificuldade para equilibrar exig\u00eancias profissionais e pessoais. Diante disso, estar em casa 24h por dia pode dificultar a separa\u00e7\u00e3o entre casa e trabalho, principalmente quando n\u00e3o se mora sozinho.<\/p>\n<p>Se adaptar, sem d\u00favidas, foi mais que preciso durante esse tempo. A mudan\u00e7a de um ambiente de trabalho para casa trouxe diversas problem\u00e1ticas, como a falta de um lugar adequado. Por isso, uma reforma se faz adequ\u00e1vel para que algum lugar da casa se torne o\u00a0<i>home office<\/i>.<\/p>\n<p>A pr\u00e1tica de trabalhar alguns dias em casa j\u00e1 estava sendo adotada por algumas empresas no Brasil, se intensificando fortemente em 2020. Desse modo, acredita-se que a presen\u00e7a f\u00edsica em certas escrit\u00f3rios e empresas n\u00e3o ser\u00e1 mais necess\u00e1ria (mesmo com o fim da pandemia). Trabalhos remotos j\u00e1 s\u00e3o realidade e se adequar ao novo mundo \u00e9 crucial para estar inserido no mercado de trabalho. Nos estudos, a demanda e disponibilidade de cursos online vem crescendo ainda mais.<\/p>\n<p>Dado isso, \u00e9 de extrema import\u00e2ncia ter um lugar na casa que seja acolhedor, mas sem perder a seriedade. Se concentrar e ser produtivo est\u00e1 sendo um dos maiores desafios. \u00c9 imprescind\u00edvel que o local de trabalho e\/ou estudo te d\u00ea confian\u00e7a e tranquilidade para realizar o que deseja e necessita.<\/p>\n<p>Al\u00e9m disso, por ter que passar diversas horas no mesmo local, \u00e9 importante pensar na sa\u00fade do corpo. A reforma possibilita que esse espa\u00e7o n\u00e3o prejudique nosso corpo, principalmente nossa coluna.<\/p>\n<p>Com os motivos apresentados nesse texto h\u00e1 possibilidade de enxergar nossa casa com outro olhar. Al\u00e9m disso, reformar uma casa n\u00e3o significa que voc\u00ea ir\u00e1 gastar fortunas. Por estarmos em isolamento e n\u00e3o gastarmos com coisas externas como antes, o dinheiro guardado pode ser destinado para algo interno. De acordo com\u00a0<a href=\"https:\/\/www.ejemackenzie.com.br\/5-dicas-para-economizar-na-sua-reforma\/\">outro texto<\/a>\u00a0publicado por n\u00f3s,\u00a0voc\u00ea consegue entender como economizar durante uma reforma e ainda colocar suas ideias em pr\u00e1tica.<\/p>\n<p>\u00a0<\/p>\n\n\n<p><\/p>\n","protected":false},"excerpt":{"rendered":"<p>\u00a0 Suzana Alencar Durante nosso dia a dia agitado antes do Covid-19, muitas vezes s\u00f3 utiliz\u00e1vamos nossa casa como um ambiente para dormirmos. Nesse sentido, n\u00e3o a enxerg\u00e1vamos como um espa\u00e7o de lazer, aconchego ou, at\u00e9 mesmo, de trabalho. Com o decreto da quarentena, foi preciso permanecer em casa e mudar totalmente o nosso antigo &hellip;<\/p>\n<p class=\"read-more\"> <a class=\"\" href=\"https:\/\/ejemackenzie.com.br\/ejem\/3-motivos-para-reformar-imovel-na-pandemia\/\"> <span class=\"screen-reader-text\">3 Motivos para Reformar seu Im\u00f3vel ainda na Pandemia<\/span> Leia mais &raquo;<\/a><\/p>\n","protected":false},"author":2,"featured_media":13857,"comment_status":"closed","ping_status":"open","sticky":false,"template":"","format":"standard","meta":{"site-sidebar-layout":"default","site-content-layout":"default","ast-global-header-display":"","ast-main-header-display":"","ast-hfb-above-header-display":"","ast-hfb-below-header-display":"","ast-hfb-mobile-header-display":"","site-post-title":"","ast-breadcrumbs-content":"","ast-featured-img":"","footer-sml-layout":"","theme-transparent-header-meta":"","adv-header-id-meta":"","stick-header-meta":"","header-above-stick-meta":"","header-main-stick-meta":"","header-below-stick-meta":"","_joinchat":[],"footnotes":""},"categories":[9,7],"tags":[],"class_list":["post-9622","post","type-post","status-publish","format-standard","has-post-thumbnail","hentry","category-casa-e-construcao","category-geral"],"yoast_head":"<!-- This site is optimized with the Yoast SEO plugin v27.2 - https:\/\/yoast.com\/product\/yoast-seo-wordpress\/ -->\n<title>3 Motivos para Reformar seu Im\u00f3vel ainda na Pandemia - Ejem<\/title>\n<meta name=\"robots\" content=\"index, follow, max-snippet:-1, max-image-preview:large, max-video-preview:-1\" \/>\n<link rel=\"canonical\" href=\"https:\/\/ejemackenzie.com.br\/ejem\/3-motivos-para-reformar-imovel-na-pandemia\/\" \/>\n<meta property=\"og:locale\" content=\"pt_BR\" \/>\n<meta property=\"og:type\" content=\"article\" \/>\n<meta property=\"og:title\" content=\"3 Motivos para Reformar seu Im\u00f3vel ainda na Pandemia - Ejem\" \/>\n<meta property=\"og:description\" content=\"\u00a0 Suzana Alencar Durante nosso dia a dia agitado antes do Covid-19, muitas vezes s\u00f3 utiliz\u00e1vamos nossa casa como um ambiente para dormirmos. Nesse sentido, n\u00e3o a enxerg\u00e1vamos como um espa\u00e7o de lazer, aconchego ou, at\u00e9 mesmo, de trabalho. Com o decreto da quarentena, foi preciso permanecer em casa e mudar totalmente o nosso antigo &hellip; 3 Motivos para Reformar seu Im\u00f3vel ainda na Pandemia Leia mais &raquo;\" \/>\n<meta property=\"og:url\" content=\"https:\/\/ejemackenzie.com.br\/ejem\/3-motivos-para-reformar-imovel-na-pandemia\/\" \/>\n<meta property=\"og:site_name\" content=\"Ejem\" \/>\n<meta property=\"article:published_time\" content=\"2021-03-02T21:53:54+00:00\" \/>\n<meta property=\"article:modified_time\" content=\"2022-05-30T12:37:50+00:00\" \/>\n<meta property=\"og:image\" content=\"https:\/\/www.ejemackenzie.com.br\/wp-content\/uploads\/2021\/03\/suzi.jpg\" \/>\n<meta name=\"author\" content=\"ejem.mackenzie\" \/>\n<meta name=\"twitter:card\" content=\"summary_large_image\" \/>\n<meta name=\"twitter:label1\" content=\"Escrito por\" \/>\n\t<meta name=\"twitter:data1\" content=\"ejem.mackenzie\" \/>\n\t<meta name=\"twitter:label2\" content=\"Est. tempo de leitura\" \/>\n\t<meta name=\"twitter:data2\" content=\"7 minutos\" \/>\n<script type=\"application\/ld+json\" class=\"yoast-schema-graph\">{\"@context\":\"https:\/\/schema.org\",\"@graph\":[{\"@type\":\"Article\",\"@id\":\"https:\/\/ejemackenzie.com.br\/ejem\/3-motivos-para-reformar-imovel-na-pandemia\/#article\",\"isPartOf\":{\"@id\":\"https:\/\/ejemackenzie.com.br\/ejem\/3-motivos-para-reformar-imovel-na-pandemia\/\"},\"author\":{\"name\":\"ejem.mackenzie\",\"@id\":\"https:\/\/ejemackenzie.com.br\/ejem\/#\/schema\/person\/439f31abf29375d9ef149a4250480129\"},\"headline\":\"3 Motivos para Reformar seu Im\u00f3vel ainda na Pandemia\",\"datePublished\":\"2021-03-02T21:53:54+00:00\",\"dateModified\":\"2022-05-30T12:37:50+00:00\",\"mainEntityOfPage\":{\"@id\":\"https:\/\/ejemackenzie.com.br\/ejem\/3-motivos-para-reformar-imovel-na-pandemia\/\"},\"wordCount\":1321,\"publisher\":{\"@id\":\"https:\/\/ejemackenzie.com.br\/ejem\/#organization\"},\"image\":{\"@id\":\"https:\/\/ejemackenzie.com.br\/ejem\/3-motivos-para-reformar-imovel-na-pandemia\/#primaryimage\"},\"thumbnailUrl\":\"https:\/\/ejemackenzie.com.br\/ejem\/wp-content\/uploads\/2021\/03\/suzi.jpg\",\"articleSection\":[\"Casa e Constru\u00e7\u00e3o\",\"Geral\"],\"inLanguage\":\"pt-BR\"},{\"@type\":\"WebPage\",\"@id\":\"https:\/\/ejemackenzie.com.br\/ejem\/3-motivos-para-reformar-imovel-na-pandemia\/\",\"url\":\"https:\/\/ejemackenzie.com.br\/ejem\/3-motivos-para-reformar-imovel-na-pandemia\/\",\"name\":\"3 Motivos para Reformar seu Im\u00f3vel ainda na Pandemia - Ejem\",\"isPartOf\":{\"@id\":\"https:\/\/ejemackenzie.com.br\/ejem\/#website\"},\"primaryImageOfPage\":{\"@id\":\"https:\/\/ejemackenzie.com.br\/ejem\/3-motivos-para-reformar-imovel-na-pandemia\/#primaryimage\"},\"image\":{\"@id\":\"https:\/\/ejemackenzie.com.br\/ejem\/3-motivos-para-reformar-imovel-na-pandemia\/#primaryimage\"},\"thumbnailUrl\":\"https:\/\/ejemackenzie.com.br\/ejem\/wp-content\/uploads\/2021\/03\/suzi.jpg\",\"datePublished\":\"2021-03-02T21:53:54+00:00\",\"dateModified\":\"2022-05-30T12:37:50+00:00\",\"breadcrumb\":{\"@id\":\"https:\/\/ejemackenzie.com.br\/ejem\/3-motivos-para-reformar-imovel-na-pandemia\/#breadcrumb\"},\"inLanguage\":\"pt-BR\",\"potentialAction\":[{\"@type\":\"ReadAction\",\"target\":[\"https:\/\/ejemackenzie.com.br\/ejem\/3-motivos-para-reformar-imovel-na-pandemia\/\"]}]},{\"@type\":\"ImageObject\",\"inLanguage\":\"pt-BR\",\"@id\":\"https:\/\/ejemackenzie.com.br\/ejem\/3-motivos-para-reformar-imovel-na-pandemia\/#primaryimage\",\"url\":\"https:\/\/ejemackenzie.com.br\/ejem\/wp-content\/uploads\/2021\/03\/suzi.jpg\",\"contentUrl\":\"https:\/\/ejemackenzie.com.br\/ejem\/wp-content\/uploads\/2021\/03\/suzi.jpg\",\"width\":478,\"height\":319,\"caption\":\"Reforma possibilita ajustar espa\u00e7os em seu im\u00f3vel para a nova realidade\"},{\"@type\":\"BreadcrumbList\",\"@id\":\"https:\/\/ejemackenzie.com.br\/ejem\/3-motivos-para-reformar-imovel-na-pandemia\/#breadcrumb\",\"itemListElement\":[{\"@type\":\"ListItem\",\"position\":1,\"name\":\"In\u00edcio\",\"item\":\"https:\/\/ejemackenzie.com.br\/ejem\/\"},{\"@type\":\"ListItem\",\"position\":2,\"name\":\"3 Motivos para Reformar seu Im\u00f3vel ainda na Pandemia\"}]},{\"@type\":\"WebSite\",\"@id\":\"https:\/\/ejemackenzie.com.br\/ejem\/#website\",\"url\":\"https:\/\/ejemackenzie.com.br\/ejem\/\",\"name\":\"Ejem\",\"description\":\"Solu\u00e7\u00f5es em Engenharia\",\"publisher\":{\"@id\":\"https:\/\/ejemackenzie.com.br\/ejem\/#organization\"},\"potentialAction\":[{\"@type\":\"SearchAction\",\"target\":{\"@type\":\"EntryPoint\",\"urlTemplate\":\"https:\/\/ejemackenzie.com.br\/ejem\/?s={search_term_string}\"},\"query-input\":{\"@type\":\"PropertyValueSpecification\",\"valueRequired\":true,\"valueName\":\"search_term_string\"}}],\"inLanguage\":\"pt-BR\"},{\"@type\":\"Organization\",\"@id\":\"https:\/\/ejemackenzie.com.br\/ejem\/#organization\",\"name\":\"Ejem\",\"url\":\"https:\/\/ejemackenzie.com.br\/ejem\/\",\"logo\":{\"@type\":\"ImageObject\",\"inLanguage\":\"pt-BR\",\"@id\":\"https:\/\/ejemackenzie.com.br\/ejem\/#\/schema\/logo\/image\/\",\"url\":\"https:\/\/ejemackenzie.com.br\/ejem\/wp-content\/uploads\/2022\/10\/cropped-logovermelho.png\",\"contentUrl\":\"https:\/\/ejemackenzie.com.br\/ejem\/wp-content\/uploads\/2022\/10\/cropped-logovermelho.png\",\"width\":1382,\"height\":674,\"caption\":\"Ejem\"},\"image\":{\"@id\":\"https:\/\/ejemackenzie.com.br\/ejem\/#\/schema\/logo\/image\/\"}},{\"@type\":\"Person\",\"@id\":\"https:\/\/ejemackenzie.com.br\/ejem\/#\/schema\/person\/439f31abf29375d9ef149a4250480129\",\"name\":\"ejem.mackenzie\",\"image\":{\"@type\":\"ImageObject\",\"inLanguage\":\"pt-BR\",\"@id\":\"https:\/\/secure.gravatar.com\/avatar\/ec0ada7ea121ee3cd1f098f16e0cd88274b688841a992967f5e7e087fc66e6de?s=96&d=mm&r=g\",\"url\":\"https:\/\/secure.gravatar.com\/avatar\/ec0ada7ea121ee3cd1f098f16e0cd88274b688841a992967f5e7e087fc66e6de?s=96&d=mm&r=g\",\"contentUrl\":\"https:\/\/secure.gravatar.com\/avatar\/ec0ada7ea121ee3cd1f098f16e0cd88274b688841a992967f5e7e087fc66e6de?s=96&d=mm&r=g\",\"caption\":\"ejem.mackenzie\"},\"url\":\"https:\/\/ejemackenzie.com.br\/ejem\/author\/ejem-mackenzie\/\"}]}<\/script>\n<!-- \/ Yoast SEO plugin. -->","yoast_head_json":{"title":"3 Motivos para Reformar seu Im\u00f3vel ainda na Pandemia - Ejem","robots":{"index":"index","follow":"follow","max-snippet":"max-snippet:-1","max-image-preview":"max-image-preview:large","max-video-preview":"max-video-preview:-1"},"canonical":"https:\/\/ejemackenzie.com.br\/ejem\/3-motivos-para-reformar-imovel-na-pandemia\/","og_locale":"pt_BR","og_type":"article","og_title":"3 Motivos para Reformar seu Im\u00f3vel ainda na Pandemia - Ejem","og_description":"\u00a0 Suzana Alencar Durante nosso dia a dia agitado antes do Covid-19, muitas vezes s\u00f3 utiliz\u00e1vamos nossa casa como um ambiente para dormirmos. Nesse sentido, n\u00e3o a enxerg\u00e1vamos como um espa\u00e7o de lazer, aconchego ou, at\u00e9 mesmo, de trabalho. Com o decreto da quarentena, foi preciso permanecer em casa e mudar totalmente o nosso antigo &hellip; 3 Motivos para Reformar seu Im\u00f3vel ainda na Pandemia Leia mais &raquo;","og_url":"https:\/\/ejemackenzie.com.br\/ejem\/3-motivos-para-reformar-imovel-na-pandemia\/","og_site_name":"Ejem","article_published_time":"2021-03-02T21:53:54+00:00","article_modified_time":"2022-05-30T12:37:50+00:00","og_image":[{"url":"https:\/\/www.ejemackenzie.com.br\/wp-content\/uploads\/2021\/03\/suzi.jpg","type":"","width":"","height":""}],"author":"ejem.mackenzie","twitter_card":"summary_large_image","twitter_misc":{"Escrito por":"ejem.mackenzie","Est. tempo de leitura":"7 minutos"},"schema":{"@context":"https:\/\/schema.org","@graph":[{"@type":"Article","@id":"https:\/\/ejemackenzie.com.br\/ejem\/3-motivos-para-reformar-imovel-na-pandemia\/#article","isPartOf":{"@id":"https:\/\/ejemackenzie.com.br\/ejem\/3-motivos-para-reformar-imovel-na-pandemia\/"},"author":{"name":"ejem.mackenzie","@id":"https:\/\/ejemackenzie.com.br\/ejem\/#\/schema\/person\/439f31abf29375d9ef149a4250480129"},"headline":"3 Motivos para Reformar seu Im\u00f3vel ainda na Pandemia","datePublished":"2021-03-02T21:53:54+00:00","dateModified":"2022-05-30T12:37:50+00:00","mainEntityOfPage":{"@id":"https:\/\/ejemackenzie.com.br\/ejem\/3-motivos-para-reformar-imovel-na-pandemia\/"},"wordCount":1321,"publisher":{"@id":"https:\/\/ejemackenzie.com.br\/ejem\/#organization"},"image":{"@id":"https:\/\/ejemackenzie.com.br\/ejem\/3-motivos-para-reformar-imovel-na-pandemia\/#primaryimage"},"thumbnailUrl":"https:\/\/ejemackenzie.com.br\/ejem\/wp-content\/uploads\/2021\/03\/suzi.jpg","articleSection":["Casa e Constru\u00e7\u00e3o","Geral"],"inLanguage":"pt-BR"},{"@type":"WebPage","@id":"https:\/\/ejemackenzie.com.br\/ejem\/3-motivos-para-reformar-imovel-na-pandemia\/","url":"https:\/\/ejemackenzie.com.br\/ejem\/3-motivos-para-reformar-imovel-na-pandemia\/","name":"3 Motivos para Reformar seu Im\u00f3vel ainda na Pandemia - Ejem","isPartOf":{"@id":"https:\/\/ejemackenzie.com.br\/ejem\/#website"},"primaryImageOfPage":{"@id":"https:\/\/ejemackenzie.com.br\/ejem\/3-motivos-para-reformar-imovel-na-pandemia\/#primaryimage"},"image":{"@id":"https:\/\/ejemackenzie.com.br\/ejem\/3-motivos-para-reformar-imovel-na-pandemia\/#primaryimage"},"thumbnailUrl":"https:\/\/ejemackenzie.com.br\/ejem\/wp-content\/uploads\/2021\/03\/suzi.jpg","datePublished":"2021-03-02T21:53:54+00:00","dateModified":"2022-05-30T12:37:50+00:00","breadcrumb":{"@id":"https:\/\/ejemackenzie.com.br\/ejem\/3-motivos-para-reformar-imovel-na-pandemia\/#breadcrumb"},"inLanguage":"pt-BR","potentialAction":[{"@type":"ReadAction","target":["https:\/\/ejemackenzie.com.br\/ejem\/3-motivos-para-reformar-imovel-na-pandemia\/"]}]},{"@type":"ImageObject","inLanguage":"pt-BR","@id":"https:\/\/ejemackenzie.com.br\/ejem\/3-motivos-para-reformar-imovel-na-pandemia\/#primaryimage","url":"https:\/\/ejemackenzie.com.br\/ejem\/wp-content\/uploads\/2021\/03\/suzi.jpg","contentUrl":"https:\/\/ejemackenzie.com.br\/ejem\/wp-content\/uploads\/2021\/03\/suzi.jpg","width":478,"height":319,"caption":"Reforma possibilita ajustar espa\u00e7os em seu im\u00f3vel para a nova realidade"},{"@type":"BreadcrumbList","@id":"https:\/\/ejemackenzie.com.br\/ejem\/3-motivos-para-reformar-imovel-na-pandemia\/#breadcrumb","itemListElement":[{"@type":"ListItem","position":1,"name":"In\u00edcio","item":"https:\/\/ejemackenzie.com.br\/ejem\/"},{"@type":"ListItem","position":2,"name":"3 Motivos para Reformar seu Im\u00f3vel ainda na Pandemia"}]},{"@type":"WebSite","@id":"https:\/\/ejemackenzie.com.br\/ejem\/#website","url":"https:\/\/ejemackenzie.com.br\/ejem\/","name":"Ejem","description":"Solu\u00e7\u00f5es em Engenharia","publisher":{"@id":"https:\/\/ejemackenzie.com.br\/ejem\/#organization"},"potentialAction":[{"@type":"SearchAction","target":{"@type":"EntryPoint","urlTemplate":"https:\/\/ejemackenzie.com.br\/ejem\/?s={search_term_string}"},"query-input":{"@type":"PropertyValueSpecification","valueRequired":true,"valueName":"search_term_string"}}],"inLanguage":"pt-BR"},{"@type":"Organization","@id":"https:\/\/ejemackenzie.com.br\/ejem\/#organization","name":"Ejem","url":"https:\/\/ejemackenzie.com.br\/ejem\/","logo":{"@type":"ImageObject","inLanguage":"pt-BR","@id":"https:\/\/ejemackenzie.com.br\/ejem\/#\/schema\/logo\/image\/","url":"https:\/\/ejemackenzie.com.br\/ejem\/wp-content\/uploads\/2022\/10\/cropped-logovermelho.png","contentUrl":"https:\/\/ejemackenzie.com.br\/ejem\/wp-content\/uploads\/2022\/10\/cropped-logovermelho.png","width":1382,"height":674,"caption":"Ejem"},"image":{"@id":"https:\/\/ejemackenzie.com.br\/ejem\/#\/schema\/logo\/image\/"}},{"@type":"Person","@id":"https:\/\/ejemackenzie.com.br\/ejem\/#\/schema\/person\/439f31abf29375d9ef149a4250480129","name":"ejem.mackenzie","image":{"@type":"ImageObject","inLanguage":"pt-BR","@id":"https:\/\/secure.gravatar.com\/avatar\/ec0ada7ea121ee3cd1f098f16e0cd88274b688841a992967f5e7e087fc66e6de?s=96&d=mm&r=g","url":"https:\/\/secure.gravatar.com\/avatar\/ec0ada7ea121ee3cd1f098f16e0cd88274b688841a992967f5e7e087fc66e6de?s=96&d=mm&r=g","contentUrl":"https:\/\/secure.gravatar.com\/avatar\/ec0ada7ea121ee3cd1f098f16e0cd88274b688841a992967f5e7e087fc66e6de?s=96&d=mm&r=g","caption":"ejem.mackenzie"},"url":"https:\/\/ejemackenzie.com.br\/ejem\/author\/ejem-mackenzie\/"}]}},"_links":{"self":[{"href":"https:\/\/ejemackenzie.com.br\/ejem\/wp-json\/wp\/v2\/posts\/9622","targetHints":{"allow":["GET"]}}],"collection":[{"href":"https:\/\/ejemackenzie.com.br\/ejem\/wp-json\/wp\/v2\/posts"}],"about":[{"href":"https:\/\/ejemackenzie.com.br\/ejem\/wp-json\/wp\/v2\/types\/post"}],"author":[{"embeddable":true,"href":"https:\/\/ejemackenzie.com.br\/ejem\/wp-json\/wp\/v2\/users\/2"}],"replies":[{"embeddable":true,"href":"https:\/\/ejemackenzie.com.br\/ejem\/wp-json\/wp\/v2\/comments?post=9622"}],"version-history":[{"count":1,"href":"https:\/\/ejemackenzie.com.br\/ejem\/wp-json\/wp\/v2\/posts\/9622\/revisions"}],"predecessor-version":[{"id":10528,"href":"https:\/\/ejemackenzie.com.br\/ejem\/wp-json\/wp\/v2\/posts\/9622\/revisions\/10528"}],"wp:featuredmedia":[{"embeddable":true,"href":"https:\/\/ejemackenzie.com.br\/ejem\/wp-json\/wp\/v2\/media\/13857"}],"wp:attachment":[{"href":"https:\/\/ejemackenzie.com.br\/ejem\/wp-json\/wp\/v2\/media?parent=9622"}],"wp:term":[{"taxonomy":"category","embeddable":true,"href":"https:\/\/ejemackenzie.com.br\/ejem\/wp-json\/wp\/v2\/categories?post=9622"},{"taxonomy":"post_tag","embeddable":true,"href":"https:\/\/ejemackenzie.com.br\/ejem\/wp-json\/wp\/v2\/tags?post=9622"}],"curies":[{"name":"wp","href":"https:\/\/api.w.org\/{rel}","templated":true}]}}