{"id":9602,"date":"2020-09-10T15:45:31","date_gmt":"2020-09-10T18:45:31","guid":{"rendered":"https:\/\/www.ejemackenzie.com.br\/?p=4309"},"modified":"2022-05-30T12:37:51","modified_gmt":"2022-05-30T12:37:51","slug":"como-economizar-na-conta-de-energia","status":"publish","type":"post","link":"https:\/\/ejemackenzie.com.br\/ejem\/como-economizar-na-conta-de-energia\/","title":{"rendered":"Energia Veio Cara? Veja como Economizar"},"content":{"rendered":"<h1><\/h1>\n<h2>Annadaby Cangussu<\/h2>\n<p><img fetchpriority=\"high\" decoding=\"async\" src=\"https:\/\/www.ejemackenzie.com.br\/wp-content\/uploads\/2020\/09\/pexels-burak-k-45072-1024x683.jpg\" sizes=\"(max-width: 812px) 100vw, 812px\" srcset=\"https:\/\/www.ejemackenzie.com.br\/wp-content\/uploads\/2020\/09\/pexels-burak-k-45072-1024x683.jpg 1024w, https:\/\/www.ejemackenzie.com.br\/wp-content\/uploads\/2020\/09\/pexels-burak-k-45072-300x200.jpg 300w, https:\/\/www.ejemackenzie.com.br\/wp-content\/uploads\/2020\/09\/pexels-burak-k-45072-768x512.jpg 768w\" alt=\"Lampada recebendo energia\" width=\"812\" height=\"542\" \/><\/p>\n<p>Sabe aquela conta de luz que vem cara e voc\u00ea n\u00e3o sabe o porqu\u00ea? Talvez tenhamos a resposta para voc\u00ea. Muitas vezes culpamos nossos eletrodom\u00e9sticos novos e n\u00e3o paramos para pensar que pode ser muito mais que isso. A solu\u00e7\u00e3o \u00e9 simples, com uma efici\u00eancia energ\u00e9tica bem analisada esse problema n\u00e3o vai mais incomod\u00e1-lo.<\/p>\n<p>As tarifas de conta de luz s\u00e3o cobradas pelos hor\u00e1rios que voc\u00ea a mais utiliza, tendo os hor\u00e1rios de fora de ponta, intermedi\u00e1rio e ponta. Aonde na parte da manh\u00e3 e a tarde temos a energia mais barata e do fim da tarde at\u00e9 as 22:29h temos os hor\u00e1rios intermedi\u00e1rios e os de ponta, parte do dia em que a energia \u00e9 mais cara, pois nesse intervalo de tempo mais pessoas demandam energia, fazendo com que essa hora o consumo seja alto. Outro fator que afeta na sua conta de energia \u00e9 a \u00e9poca do ano em que voc\u00ea acaba n\u00e3o se atentando e consome muita energia, acabando tendo meses chuvosos com a conta normal e meses de seca com a conta mais cara, isso acontece pois no Brasil desde o ano de 2015, as contas de energia passaram a trazer uma novidade: o Sistema de Bandeiras Tarif\u00e1rias, que apresenta as seguintes modalidades: verde, amarela e vermelha (as mesmas cores dos sem\u00e1foros) e indicam se haver\u00e1 ou n\u00e3o acr\u00e9scimo no valor da energia a ser repassada ao consumidor final, em fun\u00e7\u00e3o das condi\u00e7\u00f5es de gera\u00e7\u00e3o de eletricidade, pois a maior parte de energia \u00e9 gerada por usinas hidrel\u00e9tricas (energia barata), mas quando elas n\u00e3o d\u00e3o conta pelo n\u00edvel baixo d\u00b4\u00e1gua nos reservat\u00f3rios, o Estado come\u00e7a a utilizar outras fontes mais caras de energia como energia solar, e\u00f3lica e f\u00f3ssil. Fazendo com que sua conta fique ainda mais cara por n\u00e3o usar uma bandeira barata. Cada modalidade apresenta as seguintes caracter\u00edsticas:<\/p>\n<ul>\n<li>Bandeira verde: condi\u00e7\u00f5es favor\u00e1veis de gera\u00e7\u00e3o de energia. A tarifa n\u00e3o sofre nenhum acr\u00e9scimo;<\/li>\n<li>Bandeira amarela: condi\u00e7\u00f5es de gera\u00e7\u00e3o menos favor\u00e1veis. A tarifa sofre acr\u00e9scimo de R$ 0,01343 para cada quilowatt-hora (kWh) consumidos;<\/li>\n<li>Bandeira vermelha &#8211; Patamar 1: condi\u00e7\u00f5es mais custosas de gera\u00e7\u00e3o. A tarifa sofre acr\u00e9scimo de R$ 0,04169 para cada quilowatt-hora kWh consumido.<\/li>\n<li>Bandeira vermelha &#8211; Patamar 2: condi\u00e7\u00f5es ainda mais custosas de gera\u00e7\u00e3o. A tarifa sofre acr\u00e9scimo de R$ 0,06243 para cada quilowatt-hora kWh consumido.<\/li>\n<\/ul>\n<p>Todos os consumidores cativos das distribuidoras ser\u00e3o faturados pelo Sistema de Bandeiras Tarif\u00e1rias, com exce\u00e7\u00e3o daqueles localizados em sistemas isolados.<\/p>\n<p><a href=\"https:\/\/www.mack.ejemackenzie.com.br\/infografico-eletrica\" data-elementor-open-lightbox=\"\"><br \/>\n<img decoding=\"async\" src=\"https:\/\/www.ejemackenzie.com.br\/wp-content\/uploads\/2020\/09\/Banner-site-16.png\" sizes=\"(max-width: 2268px) 100vw, 2268px\" srcset=\"https:\/\/www.ejemackenzie.com.br\/wp-content\/uploads\/2020\/09\/Banner-site-16.png 2268w, https:\/\/www.ejemackenzie.com.br\/wp-content\/uploads\/2020\/09\/Banner-site-16-300x25.png 300w, https:\/\/www.ejemackenzie.com.br\/wp-content\/uploads\/2020\/09\/Banner-site-16-768x64.png 768w, https:\/\/www.ejemackenzie.com.br\/wp-content\/uploads\/2020\/09\/Banner-site-16-1024x85.png 1024w\" alt=\"banner el\u00e9trica\" width=\"2268\" height=\"189\" \/> <\/a><\/p>\n<p>O valor das bandeiras tarif\u00e1rias \u00e9 revisto anualmente pela ANEEL, e este valor \u00e9 o mesmo para todo o territ\u00f3rio nacional. <a href=\"https:\/\/www.aneel.gov.br\/bandeiras-tarifarias\">Neste v\u00eddeo<\/a> a ANEEL especifica essas tarifas.<\/p>\n<p>Contudo, como sofre incid\u00eancia de impostos estaduais e federais, o valor final faturado pode variar de estado para estado para o item de Bandeira Tarif\u00e1ria. Mas voc\u00ea deve estar se perguntando ent\u00e3o como reduzir essa conta da sua resid\u00eancia, n\u00e3o \u00e9 mesmo? Para isso, basta voc\u00ea seguir alguns ensinamentos: No final de cada m\u00eas a ANEEL divulga qual ser\u00e1\u00a0a bandeira tarif\u00e1ria do m\u00eas seguinte.<\/p>\n<p>A ANEEL faz esta divulga\u00e7\u00e3o apenas na \u00faltima semana do m\u00eas anterior. Esta divulga\u00e7\u00e3o leva em considera\u00e7\u00e3o o regime de chuvas que ocorreu e que est\u00e1 previsto para o m\u00eas seguinte, e \u00e9 avaliado pelo ONS (Operador Nacional do Sistema El\u00e9trico) atrav\u00e9s do PMO (Planejamento Mensal da Opera\u00e7\u00e3o). Sendo assim, percebe-se que o prazo para se adaptar a nova bandeira tarif\u00e1ria que estar\u00e1 em vigor no m\u00eas seguinte \u00e9 apertado.\u00a0 A partir de ent\u00e3o \u00e9 poss\u00edvel intervir com a\u00e7\u00f5es simples de economia de energia para evitar o pagamento de montantes expressivos com esse tipo de cobran\u00e7a. Cabe, portanto, ao consumidor, adaptar-se rapidamente a nova bandeira tarif\u00e1ria do m\u00eas seguinte atrav\u00e9s da elabora\u00e7\u00e3o r\u00e1pida de um plano de economia de energia e efici\u00eancia energ\u00e9tica. Fora aquelas dicas de av\u00f3 que nos dizem para n\u00e3o andarmos com a luz acessa quando se tem a luz do dia, n\u00e3o deixar c\u00f4modos ligados quando estiverem vazios, se organizar para lavar e passar roupas em hor\u00e1rios fora de pronta. Ou at\u00e9 mesmo pensar em investimentos maiores que trar\u00e3o benef\u00edcios a longo prazo como trocar seus equipamentos antigos por novos que consumam menos energia ou at\u00e9 mesmo instalar placas solares para substituir a concession\u00e1ria da regi\u00e3o, mudan\u00e7a que acarreta benef\u00edcios ao meio ambiente e a sua conta de luz.<\/p>\n<p>Analisando os fatos apresentados, sabe-se que estes planos n\u00e3o s\u00e3o de r\u00e1pida constru\u00e7\u00e3o e implementa\u00e7\u00e3o, e entra aqui tamb\u00e9m a import\u00e2ncia de um bom sistema de Gest\u00e3o de Energia El\u00e9trica. Atrav\u00e9s de a\u00e7\u00f5es pensadas exclusivamente para sua resid\u00eancia ou empresa \u00e9 poss\u00edvel um constante processo de melhoria dos n\u00edveis de efici\u00eancia energ\u00e9tica, estando sempre pronto para as revis\u00f5es tarif\u00e1rias e buscando continuamente economia de energia e redu\u00e7\u00e3o de custos na conta de luz e no processo produtivo, se preparando e evitando as surpresas com os hor\u00e1rios que mais usa a energia el\u00e9trica e as mudan\u00e7as de bandeira tarif\u00e1ria.<\/p>\n<p>E a\u00ed, pronto para acabar com as surpresas com a cobran\u00e7a das bandeiras tarif\u00e1rias?<\/p>\n<p><a href=\"https:\/\/www.mack.ejemackenzie.com.br\/newsletter\" data-elementor-open-lightbox=\"\"><br \/>\n<img decoding=\"async\" src=\"https:\/\/www.ejemackenzie.com.br\/wp-content\/uploads\/2021\/08\/Banner-site-8.png\" sizes=\"(max-width: 2268px) 100vw, 2268px\" srcset=\"https:\/\/www.ejemackenzie.com.br\/wp-content\/uploads\/2021\/08\/Banner-site-8.png 2268w, https:\/\/www.ejemackenzie.com.br\/wp-content\/uploads\/2021\/08\/Banner-site-8-300x25.png 300w, https:\/\/www.ejemackenzie.com.br\/wp-content\/uploads\/2021\/08\/Banner-site-8-768x64.png 768w, https:\/\/www.ejemackenzie.com.br\/wp-content\/uploads\/2021\/08\/Banner-site-8-1024x85.png 1024w\" alt=\"Banner newsletter\" width=\"2268\" height=\"189\" \/> <\/a><\/p>\n","protected":false},"excerpt":{"rendered":"<p>Annadaby Cangussu Sabe aquela conta de luz que vem cara e voc\u00ea n\u00e3o sabe o porqu\u00ea? Talvez tenhamos a resposta para voc\u00ea. Muitas vezes culpamos nossos eletrodom\u00e9sticos novos e n\u00e3o paramos para pensar que pode ser muito mais que isso. A solu\u00e7\u00e3o \u00e9 simples, com uma efici\u00eancia energ\u00e9tica bem analisada esse problema n\u00e3o vai mais &hellip;<\/p>\n<p class=\"read-more\"> <a class=\"\" href=\"https:\/\/ejemackenzie.com.br\/ejem\/como-economizar-na-conta-de-energia\/\"> <span class=\"screen-reader-text\">Energia Veio Cara? Veja como Economizar<\/span> Leia mais &raquo;<\/a><\/p>\n","protected":false},"author":2,"featured_media":0,"comment_status":"closed","ping_status":"open","sticky":false,"template":"","format":"standard","meta":{"site-sidebar-layout":"default","site-content-layout":"default","ast-global-header-display":"","ast-main-header-display":"","ast-hfb-above-header-display":"","ast-hfb-below-header-display":"","ast-hfb-mobile-header-display":"","site-post-title":"","ast-breadcrumbs-content":"","ast-featured-img":"","footer-sml-layout":"","theme-transparent-header-meta":"","adv-header-id-meta":"","stick-header-meta":"","header-above-stick-meta":"","header-main-stick-meta":"","header-below-stick-meta":"","_joinchat":[],"footnotes":""},"categories":[11,7],"tags":[],"class_list":["post-9602","post","type-post","status-publish","format-standard","hentry","category-energia-e-sustentabilidade","category-geral"],"yoast_head":"<!-- This site is optimized with the Yoast SEO plugin v27.2 - https:\/\/yoast.com\/product\/yoast-seo-wordpress\/ -->\n<title>Energia Veio Cara? Veja como Economizar - Ejem<\/title>\n<meta name=\"robots\" content=\"index, follow, max-snippet:-1, max-image-preview:large, max-video-preview:-1\" \/>\n<link rel=\"canonical\" href=\"https:\/\/ejemackenzie.com.br\/ejem\/como-economizar-na-conta-de-energia\/\" \/>\n<meta property=\"og:locale\" content=\"pt_BR\" \/>\n<meta property=\"og:type\" content=\"article\" \/>\n<meta property=\"og:title\" content=\"Energia Veio Cara? Veja como Economizar - Ejem\" \/>\n<meta property=\"og:description\" content=\"Annadaby Cangussu Sabe aquela conta de luz que vem cara e voc\u00ea n\u00e3o sabe o porqu\u00ea? Talvez tenhamos a resposta para voc\u00ea. Muitas vezes culpamos nossos eletrodom\u00e9sticos novos e n\u00e3o paramos para pensar que pode ser muito mais que isso. A solu\u00e7\u00e3o \u00e9 simples, com uma efici\u00eancia energ\u00e9tica bem analisada esse problema n\u00e3o vai mais &hellip; Energia Veio Cara? Veja como Economizar Leia mais &raquo;\" \/>\n<meta property=\"og:url\" content=\"https:\/\/ejemackenzie.com.br\/ejem\/como-economizar-na-conta-de-energia\/\" \/>\n<meta property=\"og:site_name\" content=\"Ejem\" \/>\n<meta property=\"article:published_time\" content=\"2020-09-10T18:45:31+00:00\" \/>\n<meta property=\"article:modified_time\" content=\"2022-05-30T12:37:51+00:00\" \/>\n<meta property=\"og:image\" content=\"https:\/\/www.ejemackenzie.com.br\/wp-content\/uploads\/2020\/09\/pexels-burak-k-45072-1024x683.jpg\" \/>\n<meta name=\"author\" content=\"ejem.mackenzie\" \/>\n<meta name=\"twitter:card\" content=\"summary_large_image\" \/>\n<meta name=\"twitter:label1\" content=\"Escrito por\" \/>\n\t<meta name=\"twitter:data1\" content=\"ejem.mackenzie\" \/>\n\t<meta name=\"twitter:label2\" content=\"Est. tempo de leitura\" \/>\n\t<meta name=\"twitter:data2\" content=\"5 minutos\" \/>\n<script type=\"application\/ld+json\" class=\"yoast-schema-graph\">{\"@context\":\"https:\/\/schema.org\",\"@graph\":[{\"@type\":\"Article\",\"@id\":\"https:\/\/ejemackenzie.com.br\/ejem\/como-economizar-na-conta-de-energia\/#article\",\"isPartOf\":{\"@id\":\"https:\/\/ejemackenzie.com.br\/ejem\/como-economizar-na-conta-de-energia\/\"},\"author\":{\"name\":\"ejem.mackenzie\",\"@id\":\"https:\/\/ejemackenzie.com.br\/ejem\/#\/schema\/person\/439f31abf29375d9ef149a4250480129\"},\"headline\":\"Energia Veio Cara? Veja como Economizar\",\"datePublished\":\"2020-09-10T18:45:31+00:00\",\"dateModified\":\"2022-05-30T12:37:51+00:00\",\"mainEntityOfPage\":{\"@id\":\"https:\/\/ejemackenzie.com.br\/ejem\/como-economizar-na-conta-de-energia\/\"},\"wordCount\":929,\"publisher\":{\"@id\":\"https:\/\/ejemackenzie.com.br\/ejem\/#organization\"},\"image\":{\"@id\":\"https:\/\/ejemackenzie.com.br\/ejem\/como-economizar-na-conta-de-energia\/#primaryimage\"},\"thumbnailUrl\":\"https:\/\/www.ejemackenzie.com.br\/wp-content\/uploads\/2020\/09\/pexels-burak-k-45072-1024x683.jpg\",\"articleSection\":[\"Energia e Sustentabilidade\",\"Geral\"],\"inLanguage\":\"pt-BR\"},{\"@type\":\"WebPage\",\"@id\":\"https:\/\/ejemackenzie.com.br\/ejem\/como-economizar-na-conta-de-energia\/\",\"url\":\"https:\/\/ejemackenzie.com.br\/ejem\/como-economizar-na-conta-de-energia\/\",\"name\":\"Energia Veio Cara? Veja como Economizar - Ejem\",\"isPartOf\":{\"@id\":\"https:\/\/ejemackenzie.com.br\/ejem\/#website\"},\"primaryImageOfPage\":{\"@id\":\"https:\/\/ejemackenzie.com.br\/ejem\/como-economizar-na-conta-de-energia\/#primaryimage\"},\"image\":{\"@id\":\"https:\/\/ejemackenzie.com.br\/ejem\/como-economizar-na-conta-de-energia\/#primaryimage\"},\"thumbnailUrl\":\"https:\/\/www.ejemackenzie.com.br\/wp-content\/uploads\/2020\/09\/pexels-burak-k-45072-1024x683.jpg\",\"datePublished\":\"2020-09-10T18:45:31+00:00\",\"dateModified\":\"2022-05-30T12:37:51+00:00\",\"breadcrumb\":{\"@id\":\"https:\/\/ejemackenzie.com.br\/ejem\/como-economizar-na-conta-de-energia\/#breadcrumb\"},\"inLanguage\":\"pt-BR\",\"potentialAction\":[{\"@type\":\"ReadAction\",\"target\":[\"https:\/\/ejemackenzie.com.br\/ejem\/como-economizar-na-conta-de-energia\/\"]}]},{\"@type\":\"ImageObject\",\"inLanguage\":\"pt-BR\",\"@id\":\"https:\/\/ejemackenzie.com.br\/ejem\/como-economizar-na-conta-de-energia\/#primaryimage\",\"url\":\"https:\/\/www.ejemackenzie.com.br\/wp-content\/uploads\/2020\/09\/pexels-burak-k-45072-1024x683.jpg\",\"contentUrl\":\"https:\/\/www.ejemackenzie.com.br\/wp-content\/uploads\/2020\/09\/pexels-burak-k-45072-1024x683.jpg\"},{\"@type\":\"BreadcrumbList\",\"@id\":\"https:\/\/ejemackenzie.com.br\/ejem\/como-economizar-na-conta-de-energia\/#breadcrumb\",\"itemListElement\":[{\"@type\":\"ListItem\",\"position\":1,\"name\":\"In\u00edcio\",\"item\":\"https:\/\/ejemackenzie.com.br\/ejem\/\"},{\"@type\":\"ListItem\",\"position\":2,\"name\":\"Energia Veio Cara? Veja como Economizar\"}]},{\"@type\":\"WebSite\",\"@id\":\"https:\/\/ejemackenzie.com.br\/ejem\/#website\",\"url\":\"https:\/\/ejemackenzie.com.br\/ejem\/\",\"name\":\"Ejem\",\"description\":\"Solu\u00e7\u00f5es em Engenharia\",\"publisher\":{\"@id\":\"https:\/\/ejemackenzie.com.br\/ejem\/#organization\"},\"potentialAction\":[{\"@type\":\"SearchAction\",\"target\":{\"@type\":\"EntryPoint\",\"urlTemplate\":\"https:\/\/ejemackenzie.com.br\/ejem\/?s={search_term_string}\"},\"query-input\":{\"@type\":\"PropertyValueSpecification\",\"valueRequired\":true,\"valueName\":\"search_term_string\"}}],\"inLanguage\":\"pt-BR\"},{\"@type\":\"Organization\",\"@id\":\"https:\/\/ejemackenzie.com.br\/ejem\/#organization\",\"name\":\"Ejem\",\"url\":\"https:\/\/ejemackenzie.com.br\/ejem\/\",\"logo\":{\"@type\":\"ImageObject\",\"inLanguage\":\"pt-BR\",\"@id\":\"https:\/\/ejemackenzie.com.br\/ejem\/#\/schema\/logo\/image\/\",\"url\":\"https:\/\/ejemackenzie.com.br\/ejem\/wp-content\/uploads\/2022\/10\/cropped-logovermelho.png\",\"contentUrl\":\"https:\/\/ejemackenzie.com.br\/ejem\/wp-content\/uploads\/2022\/10\/cropped-logovermelho.png\",\"width\":1382,\"height\":674,\"caption\":\"Ejem\"},\"image\":{\"@id\":\"https:\/\/ejemackenzie.com.br\/ejem\/#\/schema\/logo\/image\/\"}},{\"@type\":\"Person\",\"@id\":\"https:\/\/ejemackenzie.com.br\/ejem\/#\/schema\/person\/439f31abf29375d9ef149a4250480129\",\"name\":\"ejem.mackenzie\",\"image\":{\"@type\":\"ImageObject\",\"inLanguage\":\"pt-BR\",\"@id\":\"https:\/\/secure.gravatar.com\/avatar\/ec0ada7ea121ee3cd1f098f16e0cd88274b688841a992967f5e7e087fc66e6de?s=96&d=mm&r=g\",\"url\":\"https:\/\/secure.gravatar.com\/avatar\/ec0ada7ea121ee3cd1f098f16e0cd88274b688841a992967f5e7e087fc66e6de?s=96&d=mm&r=g\",\"contentUrl\":\"https:\/\/secure.gravatar.com\/avatar\/ec0ada7ea121ee3cd1f098f16e0cd88274b688841a992967f5e7e087fc66e6de?s=96&d=mm&r=g\",\"caption\":\"ejem.mackenzie\"},\"url\":\"https:\/\/ejemackenzie.com.br\/ejem\/author\/ejem-mackenzie\/\"}]}<\/script>\n<!-- \/ Yoast SEO plugin. -->","yoast_head_json":{"title":"Energia Veio Cara? Veja como Economizar - Ejem","robots":{"index":"index","follow":"follow","max-snippet":"max-snippet:-1","max-image-preview":"max-image-preview:large","max-video-preview":"max-video-preview:-1"},"canonical":"https:\/\/ejemackenzie.com.br\/ejem\/como-economizar-na-conta-de-energia\/","og_locale":"pt_BR","og_type":"article","og_title":"Energia Veio Cara? Veja como Economizar - Ejem","og_description":"Annadaby Cangussu Sabe aquela conta de luz que vem cara e voc\u00ea n\u00e3o sabe o porqu\u00ea? Talvez tenhamos a resposta para voc\u00ea. Muitas vezes culpamos nossos eletrodom\u00e9sticos novos e n\u00e3o paramos para pensar que pode ser muito mais que isso. A solu\u00e7\u00e3o \u00e9 simples, com uma efici\u00eancia energ\u00e9tica bem analisada esse problema n\u00e3o vai mais &hellip; Energia Veio Cara? Veja como Economizar Leia mais &raquo;","og_url":"https:\/\/ejemackenzie.com.br\/ejem\/como-economizar-na-conta-de-energia\/","og_site_name":"Ejem","article_published_time":"2020-09-10T18:45:31+00:00","article_modified_time":"2022-05-30T12:37:51+00:00","og_image":[{"url":"https:\/\/www.ejemackenzie.com.br\/wp-content\/uploads\/2020\/09\/pexels-burak-k-45072-1024x683.jpg","type":"","width":"","height":""}],"author":"ejem.mackenzie","twitter_card":"summary_large_image","twitter_misc":{"Escrito por":"ejem.mackenzie","Est. tempo de leitura":"5 minutos"},"schema":{"@context":"https:\/\/schema.org","@graph":[{"@type":"Article","@id":"https:\/\/ejemackenzie.com.br\/ejem\/como-economizar-na-conta-de-energia\/#article","isPartOf":{"@id":"https:\/\/ejemackenzie.com.br\/ejem\/como-economizar-na-conta-de-energia\/"},"author":{"name":"ejem.mackenzie","@id":"https:\/\/ejemackenzie.com.br\/ejem\/#\/schema\/person\/439f31abf29375d9ef149a4250480129"},"headline":"Energia Veio Cara? Veja como Economizar","datePublished":"2020-09-10T18:45:31+00:00","dateModified":"2022-05-30T12:37:51+00:00","mainEntityOfPage":{"@id":"https:\/\/ejemackenzie.com.br\/ejem\/como-economizar-na-conta-de-energia\/"},"wordCount":929,"publisher":{"@id":"https:\/\/ejemackenzie.com.br\/ejem\/#organization"},"image":{"@id":"https:\/\/ejemackenzie.com.br\/ejem\/como-economizar-na-conta-de-energia\/#primaryimage"},"thumbnailUrl":"https:\/\/www.ejemackenzie.com.br\/wp-content\/uploads\/2020\/09\/pexels-burak-k-45072-1024x683.jpg","articleSection":["Energia e Sustentabilidade","Geral"],"inLanguage":"pt-BR"},{"@type":"WebPage","@id":"https:\/\/ejemackenzie.com.br\/ejem\/como-economizar-na-conta-de-energia\/","url":"https:\/\/ejemackenzie.com.br\/ejem\/como-economizar-na-conta-de-energia\/","name":"Energia Veio Cara? Veja como Economizar - Ejem","isPartOf":{"@id":"https:\/\/ejemackenzie.com.br\/ejem\/#website"},"primaryImageOfPage":{"@id":"https:\/\/ejemackenzie.com.br\/ejem\/como-economizar-na-conta-de-energia\/#primaryimage"},"image":{"@id":"https:\/\/ejemackenzie.com.br\/ejem\/como-economizar-na-conta-de-energia\/#primaryimage"},"thumbnailUrl":"https:\/\/www.ejemackenzie.com.br\/wp-content\/uploads\/2020\/09\/pexels-burak-k-45072-1024x683.jpg","datePublished":"2020-09-10T18:45:31+00:00","dateModified":"2022-05-30T12:37:51+00:00","breadcrumb":{"@id":"https:\/\/ejemackenzie.com.br\/ejem\/como-economizar-na-conta-de-energia\/#breadcrumb"},"inLanguage":"pt-BR","potentialAction":[{"@type":"ReadAction","target":["https:\/\/ejemackenzie.com.br\/ejem\/como-economizar-na-conta-de-energia\/"]}]},{"@type":"ImageObject","inLanguage":"pt-BR","@id":"https:\/\/ejemackenzie.com.br\/ejem\/como-economizar-na-conta-de-energia\/#primaryimage","url":"https:\/\/www.ejemackenzie.com.br\/wp-content\/uploads\/2020\/09\/pexels-burak-k-45072-1024x683.jpg","contentUrl":"https:\/\/www.ejemackenzie.com.br\/wp-content\/uploads\/2020\/09\/pexels-burak-k-45072-1024x683.jpg"},{"@type":"BreadcrumbList","@id":"https:\/\/ejemackenzie.com.br\/ejem\/como-economizar-na-conta-de-energia\/#breadcrumb","itemListElement":[{"@type":"ListItem","position":1,"name":"In\u00edcio","item":"https:\/\/ejemackenzie.com.br\/ejem\/"},{"@type":"ListItem","position":2,"name":"Energia Veio Cara? Veja como Economizar"}]},{"@type":"WebSite","@id":"https:\/\/ejemackenzie.com.br\/ejem\/#website","url":"https:\/\/ejemackenzie.com.br\/ejem\/","name":"Ejem","description":"Solu\u00e7\u00f5es em Engenharia","publisher":{"@id":"https:\/\/ejemackenzie.com.br\/ejem\/#organization"},"potentialAction":[{"@type":"SearchAction","target":{"@type":"EntryPoint","urlTemplate":"https:\/\/ejemackenzie.com.br\/ejem\/?s={search_term_string}"},"query-input":{"@type":"PropertyValueSpecification","valueRequired":true,"valueName":"search_term_string"}}],"inLanguage":"pt-BR"},{"@type":"Organization","@id":"https:\/\/ejemackenzie.com.br\/ejem\/#organization","name":"Ejem","url":"https:\/\/ejemackenzie.com.br\/ejem\/","logo":{"@type":"ImageObject","inLanguage":"pt-BR","@id":"https:\/\/ejemackenzie.com.br\/ejem\/#\/schema\/logo\/image\/","url":"https:\/\/ejemackenzie.com.br\/ejem\/wp-content\/uploads\/2022\/10\/cropped-logovermelho.png","contentUrl":"https:\/\/ejemackenzie.com.br\/ejem\/wp-content\/uploads\/2022\/10\/cropped-logovermelho.png","width":1382,"height":674,"caption":"Ejem"},"image":{"@id":"https:\/\/ejemackenzie.com.br\/ejem\/#\/schema\/logo\/image\/"}},{"@type":"Person","@id":"https:\/\/ejemackenzie.com.br\/ejem\/#\/schema\/person\/439f31abf29375d9ef149a4250480129","name":"ejem.mackenzie","image":{"@type":"ImageObject","inLanguage":"pt-BR","@id":"https:\/\/secure.gravatar.com\/avatar\/ec0ada7ea121ee3cd1f098f16e0cd88274b688841a992967f5e7e087fc66e6de?s=96&d=mm&r=g","url":"https:\/\/secure.gravatar.com\/avatar\/ec0ada7ea121ee3cd1f098f16e0cd88274b688841a992967f5e7e087fc66e6de?s=96&d=mm&r=g","contentUrl":"https:\/\/secure.gravatar.com\/avatar\/ec0ada7ea121ee3cd1f098f16e0cd88274b688841a992967f5e7e087fc66e6de?s=96&d=mm&r=g","caption":"ejem.mackenzie"},"url":"https:\/\/ejemackenzie.com.br\/ejem\/author\/ejem-mackenzie\/"}]}},"_links":{"self":[{"href":"https:\/\/ejemackenzie.com.br\/ejem\/wp-json\/wp\/v2\/posts\/9602","targetHints":{"allow":["GET"]}}],"collection":[{"href":"https:\/\/ejemackenzie.com.br\/ejem\/wp-json\/wp\/v2\/posts"}],"about":[{"href":"https:\/\/ejemackenzie.com.br\/ejem\/wp-json\/wp\/v2\/types\/post"}],"author":[{"embeddable":true,"href":"https:\/\/ejemackenzie.com.br\/ejem\/wp-json\/wp\/v2\/users\/2"}],"replies":[{"embeddable":true,"href":"https:\/\/ejemackenzie.com.br\/ejem\/wp-json\/wp\/v2\/comments?post=9602"}],"version-history":[{"count":1,"href":"https:\/\/ejemackenzie.com.br\/ejem\/wp-json\/wp\/v2\/posts\/9602\/revisions"}],"predecessor-version":[{"id":10548,"href":"https:\/\/ejemackenzie.com.br\/ejem\/wp-json\/wp\/v2\/posts\/9602\/revisions\/10548"}],"wp:attachment":[{"href":"https:\/\/ejemackenzie.com.br\/ejem\/wp-json\/wp\/v2\/media?parent=9602"}],"wp:term":[{"taxonomy":"category","embeddable":true,"href":"https:\/\/ejemackenzie.com.br\/ejem\/wp-json\/wp\/v2\/categories?post=9602"},{"taxonomy":"post_tag","embeddable":true,"href":"https:\/\/ejemackenzie.com.br\/ejem\/wp-json\/wp\/v2\/tags?post=9602"}],"curies":[{"name":"wp","href":"https:\/\/api.w.org\/{rel}","templated":true}]}}