{"id":9588,"date":"2020-07-17T18:21:57","date_gmt":"2020-07-17T21:21:57","guid":{"rendered":"https:\/\/www.ejemackenzie.com.br\/?p=3991"},"modified":"2022-05-30T12:37:53","modified_gmt":"2022-05-30T12:37:53","slug":"prejuizos-falta-alvara-dos-bombeiros","status":"publish","type":"post","link":"https:\/\/ejemackenzie.com.br\/ejem\/prejuizos-falta-alvara-dos-bombeiros\/","title":{"rendered":"3 Preju\u00edzos que a Falta do Alvar\u00e1 dos Bombeiros Traz"},"content":{"rendered":"<h1>\u00a0<\/h1>\n<h2>Gabriela Bandeira<\/h2>\n<p><img fetchpriority=\"high\" decoding=\"async\" src=\"https:\/\/www.ejemackenzie.com.br\/wp-content\/uploads\/2020\/07\/action-adult-fast-fire-266403-1024x698.jpg\" sizes=\"(max-width: 812px) 100vw, 812px\" srcset=\"https:\/\/www.ejemackenzie.com.br\/wp-content\/uploads\/2020\/07\/action-adult-fast-fire-266403-1024x698.jpg 1024w, https:\/\/www.ejemackenzie.com.br\/wp-content\/uploads\/2020\/07\/action-adult-fast-fire-266403-300x204.jpg 300w, https:\/\/www.ejemackenzie.com.br\/wp-content\/uploads\/2020\/07\/action-adult-fast-fire-266403-768x523.jpg 768w\" alt=\"\" width=\"812\" height=\"553\" \/><\/p>\n<p>De acordo com os\u00a0<a href=\"http:\/\/www.ssp.sp.gov.br\/estatistica\/corpobombeiro.aspx\">dados estat\u00edsticos<\/a>\u00a0do corpo de bombeiros, na cidade de S\u00e3o Paulo, em 2019, ocorreram 6.835 casos de inc\u00eandios em estabelecimentos. Este n\u00famero \u00e9 preocupante em pensar que muitos poderiam ser evitados caso obedecessem a condi\u00e7\u00f5es de segran\u00e7a contra inc\u00eandios.<\/p>\n<p>Provavelmente voc\u00ea j\u00e1 ouviu falar em AVCB e do quanto ele \u00e9 importante. Ou em propriedades que incendiaram e o propriet\u00e1rio foi responsabilizado pela falta de medidas de seguran\u00e7a contra inc\u00eandios.<\/p>\n<p>A falta do alvar\u00e1 de vistoria do corpo de bombeiros e o descumprimento das orienta\u00e7\u00f5es p\u00f5e em risco a vida dos ocupantes do im\u00f3vel. A aus\u00eancia ou irregularidade do AVCB descumpre a<a href=\"https:\/\/www.al.sp.gov.br\/norma\/173896\">\u00a0Lei Complementar n\u00ba 1.257, de 06\/01\/2015<\/a>. As puni\u00e7\u00f5es para tal infra\u00e7\u00e3o variam de advert\u00eancias com prazos para corre\u00e7\u00e3o, multas, e at\u00e9 interdi\u00e7\u00e3o.<\/p>\n<p>Por isso, separei algumas informa\u00e7\u00f5es sobre o alvar\u00e1 do corpo de bombeiro. Quando ele \u00e9 necess\u00e1rio e quais os preju\u00edzos em n\u00e3o t\u00ea-lo.<\/p>\n<p><a href=\"https:\/\/www.mack.ejemackenzie.com.br\/newsletter\" data-elementor-open-lightbox=\"\"><br \/><img decoding=\"async\" src=\"https:\/\/www.ejemackenzie.com.br\/wp-content\/uploads\/2019\/03\/SE-INTERESSOU-POR-NOSSOS-CONTE\u00daDOS_-RECEBA-NOSSA-NEWSLETTER.png\" sizes=\"(max-width: 2268px) 100vw, 2268px\" srcset=\"https:\/\/www.ejemackenzie.com.br\/wp-content\/uploads\/2019\/03\/SE-INTERESSOU-POR-NOSSOS-CONTE\u00daDOS_-RECEBA-NOSSA-NEWSLETTER.png 2268w, https:\/\/www.ejemackenzie.com.br\/wp-content\/uploads\/2019\/03\/SE-INTERESSOU-POR-NOSSOS-CONTE\u00daDOS_-RECEBA-NOSSA-NEWSLETTER-300x25.png 300w, https:\/\/www.ejemackenzie.com.br\/wp-content\/uploads\/2019\/03\/SE-INTERESSOU-POR-NOSSOS-CONTE\u00daDOS_-RECEBA-NOSSA-NEWSLETTER-768x64.png 768w, https:\/\/www.ejemackenzie.com.br\/wp-content\/uploads\/2019\/03\/SE-INTERESSOU-POR-NOSSOS-CONTE\u00daDOS_-RECEBA-NOSSA-NEWSLETTER-1024x85.png 1024w\" alt=\"\" width=\"2268\" height=\"189\" \/> <\/a><\/p>\n<h3>O que \u00e9 o AVCB?<\/h3>\n<p>AVCB significa Auto de Vistoria do Corpo de Bombeiros. \u00c9 o alvar\u00e1 emitido pelo Corpo de Bombeiros que certifica a vistoria realizada no im\u00f3vel e as medidas de seguran\u00e7a contra inc\u00eandio que cont\u00e9m nele. Tais medidas s\u00e3o fundamentais e tem como objetivo:<\/p>\n<ul>\n<li>proteger a vida dos ocupantes das edifica\u00e7\u00f5es e \u00e1reas de risco, em caso de inc\u00eandio;<\/li>\n<li>dificultar a propaga\u00e7\u00e3o do inc\u00eandio, reduzindo danos ao meio ambiente e ao patrim\u00f4nio;<\/li>\n<li>proporcionar meios de controle e extin\u00e7\u00e3o do inc\u00eandio;<\/li>\n<li>dar condi\u00e7\u00f5es de acesso para as opera\u00e7\u00f5es do Sistema;<\/li>\n<li>proporcionar a continuidade dos servi\u00e7os nas edifica\u00e7\u00f5es e \u00e1reas de risco.<\/li>\n<\/ul>\n<p><img decoding=\"async\" src=\"https:\/\/www.ejemackenzie.com.br\/wp-content\/uploads\/2020\/07\/pair-of-red-fire-extinguisher-tanks-in-front-of-black-wall-2282658-1024x723-1024x723.jpg\" sizes=\"(max-width: 812px) 100vw, 812px\" srcset=\"https:\/\/www.ejemackenzie.com.br\/wp-content\/uploads\/2020\/07\/pair-of-red-fire-extinguisher-tanks-in-front-of-black-wall-2282658-1024x723.jpg 1024w, https:\/\/www.ejemackenzie.com.br\/wp-content\/uploads\/2020\/07\/pair-of-red-fire-extinguisher-tanks-in-front-of-black-wall-2282658-1024x723-300x212.jpg 300w, https:\/\/www.ejemackenzie.com.br\/wp-content\/uploads\/2020\/07\/pair-of-red-fire-extinguisher-tanks-in-front-of-black-wall-2282658-1024x723-768x542.jpg 768w\" alt=\"local com alvar\u00e1 do corpo de bombeiros\" width=\"812\" height=\"573\" \/><\/p>\n<p>O que acontece caso eu n\u00e3o possua o alvar\u00e1 do corpo de bombeiros?<\/p>\n<p>As penalidades aplicadas a aus\u00eancia ou irregularidade do AVCB de um im\u00f3vel seguem o seguinte processo:<\/p>\n<ol>\n<li>Um fiscal realiza uma visita e sendo acusada irregularidade do im\u00f3vel ou do documento, o propriet\u00e1rio \u00e9 advertido. Este deve tomar as precau\u00e7\u00f5es devidas no tempo estabelecido, e ent\u00e3o \u00e9 feita uma nova verifica\u00e7\u00e3o;<\/li>\n<li>O descumprimento das exig\u00eancias no prazo estabelecido pela advert\u00eancia acarreta a aplica\u00e7\u00e3o de multa. Caso o processo volte a ocorrer \u2013 o propriet\u00e1rio descumpra novamente com suas obriga\u00e7\u00f5es \u2013 na terceira visita o valor da multa \u00e9 dobrado;<\/li>\n<\/ol>\n<p>De acordo com as infra\u00e7\u00f5es cometidas prescritas pela\u00a0<a href=\"https:\/\/www.al.sp.gov.br\/norma\/173896\">\u00a0Lei Complementar n\u00ba 1.257, de 06\/01\/2015<\/a>\u00a0o im\u00f3vel pode ser interditado at\u00e9 que ele esteja regular. Al\u00e9m disso, as multas podem variar de R$276,10 a R$276.100,00 (valores atualizados para o\u00a0<a href=\"https:\/\/portal.fazenda.sp.gov.br\/Paginas\/Indices.aspx\">ano de 2020<\/a>)<\/p>\n<p>As visitas acontecem por amostragem, de forma aleat\u00f3ria, ou tamb\u00e9m por denuncia de qualquer cidad\u00e3o.\u00a0 A renova\u00e7\u00e3o do alvar\u00e1 deve ser iniciada meses antes de seu vencimento, por isso fique sempre atento.<\/p>\n<p>\u00c9 poss\u00edvel verificar a situa\u00e7\u00e3o da documenta\u00e7\u00e3o pelo site do\u00a0<a href=\"http:\/\/www.corpodebombeiros.sp.gov.br\/portalcb\/_seguranca-contra-incendio\/\">Corpo de Bombeiros<\/a>\u00a0ou pelo aplicativo: Bombeiros SP.<\/p>\n<h3>Quando o AVCB \u00e9 necess\u00e1rio?<\/h3>\n<p>Nunca imaginamos que uma trag\u00e9dia como um inc\u00eandio pode ocorrer pr\u00f3ximo a gente, mas diversas s\u00e3o as naturezas desses acontecimentos. Por isso, com exce\u00e7\u00e3o de resid\u00eancias unifamiliares, o AVCB \u00e9 obrigat\u00f3rio nas seguintes situa\u00e7\u00f5es:<\/p>\n<ul>\n<li>constru\u00e7\u00e3o e reforma;<\/li>\n<li>mudan\u00e7a da ocupa\u00e7\u00e3o ou uso;<\/li>\n<li>amplia\u00e7\u00e3o da \u00e1rea constru\u00edda;<\/li>\n<li>regulariza\u00e7\u00e3o das edifica\u00e7\u00f5es e \u00e1reas de risco;<\/li>\n<li>constru\u00e7\u00f5es provis\u00f3rias (circos, eventos, etc.).<\/li>\n<\/ul>\n<p>Para constru\u00e7\u00f5es e reformas, lembre-se que antes de verificar o alvar\u00e1 do corpo de bombeiros \u00e9 preciso regularizar o im\u00f3vel. Se quiser saber mais sobre projeto legal e sua import\u00e2ncia,\u00a0<a href=\"https:\/\/www.ejemackenzie.com.br\/projeto-legal-qual-e-sua-importancia\/\">clique aqui<\/a>.<\/p>\n<p>No caso de Condom\u00ednios residenciais o AVCB e o treinamento dos moradores s\u00e3o imprescind\u00edveis. Demais s\u00e3o os riscos que corremos por consequ\u00eancia dos atos de terceiros. Confira nosso texto que trata a respeito de\u00a0<a href=\"https:\/\/www.ejemackenzie.com.br\/incendio-em-condominios\/\">inc\u00eandio em condom\u00ednio<\/a>.<\/p>\n\n\n<p><\/p>\n","protected":false},"excerpt":{"rendered":"<p>\u00a0 Gabriela Bandeira De acordo com os\u00a0dados estat\u00edsticos\u00a0do corpo de bombeiros, na cidade de S\u00e3o Paulo, em 2019, ocorreram 6.835 casos de inc\u00eandios em estabelecimentos. Este n\u00famero \u00e9 preocupante em pensar que muitos poderiam ser evitados caso obedecessem a condi\u00e7\u00f5es de segran\u00e7a contra inc\u00eandios. Provavelmente voc\u00ea j\u00e1 ouviu falar em AVCB e do quanto ele &hellip;<\/p>\n<p class=\"read-more\"> <a class=\"\" href=\"https:\/\/ejemackenzie.com.br\/ejem\/prejuizos-falta-alvara-dos-bombeiros\/\"> <span class=\"screen-reader-text\">3 Preju\u00edzos que a Falta do Alvar\u00e1 dos Bombeiros Traz<\/span> Leia mais &raquo;<\/a><\/p>\n","protected":false},"author":2,"featured_media":13859,"comment_status":"closed","ping_status":"open","sticky":false,"template":"","format":"standard","meta":{"site-sidebar-layout":"default","site-content-layout":"default","ast-global-header-display":"","ast-main-header-display":"","ast-hfb-above-header-display":"","ast-hfb-below-header-display":"","ast-hfb-mobile-header-display":"","site-post-title":"","ast-breadcrumbs-content":"","ast-featured-img":"","footer-sml-layout":"","theme-transparent-header-meta":"","adv-header-id-meta":"","stick-header-meta":"","header-above-stick-meta":"","header-main-stick-meta":"","header-below-stick-meta":"","_joinchat":[],"footnotes":""},"categories":[7],"tags":[],"class_list":["post-9588","post","type-post","status-publish","format-standard","has-post-thumbnail","hentry","category-geral"],"yoast_head":"<!-- This site is optimized with the Yoast SEO plugin v27.2 - https:\/\/yoast.com\/product\/yoast-seo-wordpress\/ -->\n<title>3 Preju\u00edzos que a Falta do Alvar\u00e1 dos Bombeiros Traz - Ejem<\/title>\n<meta name=\"robots\" content=\"index, follow, max-snippet:-1, max-image-preview:large, max-video-preview:-1\" \/>\n<link rel=\"canonical\" href=\"https:\/\/ejemackenzie.com.br\/ejem\/prejuizos-falta-alvara-dos-bombeiros\/\" \/>\n<meta property=\"og:locale\" content=\"pt_BR\" \/>\n<meta property=\"og:type\" content=\"article\" \/>\n<meta property=\"og:title\" content=\"3 Preju\u00edzos que a Falta do Alvar\u00e1 dos Bombeiros Traz - Ejem\" \/>\n<meta property=\"og:description\" content=\"\u00a0 Gabriela Bandeira De acordo com os\u00a0dados estat\u00edsticos\u00a0do corpo de bombeiros, na cidade de S\u00e3o Paulo, em 2019, ocorreram 6.835 casos de inc\u00eandios em estabelecimentos. Este n\u00famero \u00e9 preocupante em pensar que muitos poderiam ser evitados caso obedecessem a condi\u00e7\u00f5es de segran\u00e7a contra inc\u00eandios. Provavelmente voc\u00ea j\u00e1 ouviu falar em AVCB e do quanto ele &hellip; 3 Preju\u00edzos que a Falta do Alvar\u00e1 dos Bombeiros Traz Leia mais &raquo;\" \/>\n<meta property=\"og:url\" content=\"https:\/\/ejemackenzie.com.br\/ejem\/prejuizos-falta-alvara-dos-bombeiros\/\" \/>\n<meta property=\"og:site_name\" content=\"Ejem\" \/>\n<meta property=\"article:published_time\" content=\"2020-07-17T21:21:57+00:00\" \/>\n<meta property=\"article:modified_time\" content=\"2022-05-30T12:37:53+00:00\" \/>\n<meta property=\"og:image\" content=\"https:\/\/www.ejemackenzie.com.br\/wp-content\/uploads\/2020\/07\/action-adult-fast-fire-266403-1024x698.jpg\" \/>\n<meta name=\"author\" content=\"ejem.mackenzie\" \/>\n<meta name=\"twitter:card\" content=\"summary_large_image\" \/>\n<meta name=\"twitter:label1\" content=\"Escrito por\" \/>\n\t<meta name=\"twitter:data1\" content=\"ejem.mackenzie\" \/>\n\t<meta name=\"twitter:label2\" content=\"Est. tempo de leitura\" \/>\n\t<meta name=\"twitter:data2\" content=\"3 minutos\" \/>\n<script type=\"application\/ld+json\" class=\"yoast-schema-graph\">{\"@context\":\"https:\/\/schema.org\",\"@graph\":[{\"@type\":\"Article\",\"@id\":\"https:\/\/ejemackenzie.com.br\/ejem\/prejuizos-falta-alvara-dos-bombeiros\/#article\",\"isPartOf\":{\"@id\":\"https:\/\/ejemackenzie.com.br\/ejem\/prejuizos-falta-alvara-dos-bombeiros\/\"},\"author\":{\"name\":\"ejem.mackenzie\",\"@id\":\"https:\/\/ejemackenzie.com.br\/ejem\/#\/schema\/person\/439f31abf29375d9ef149a4250480129\"},\"headline\":\"3 Preju\u00edzos que a Falta do Alvar\u00e1 dos Bombeiros Traz\",\"datePublished\":\"2020-07-17T21:21:57+00:00\",\"dateModified\":\"2022-05-30T12:37:53+00:00\",\"mainEntityOfPage\":{\"@id\":\"https:\/\/ejemackenzie.com.br\/ejem\/prejuizos-falta-alvara-dos-bombeiros\/\"},\"wordCount\":660,\"publisher\":{\"@id\":\"https:\/\/ejemackenzie.com.br\/ejem\/#organization\"},\"image\":{\"@id\":\"https:\/\/ejemackenzie.com.br\/ejem\/prejuizos-falta-alvara-dos-bombeiros\/#primaryimage\"},\"thumbnailUrl\":\"https:\/\/ejemackenzie.com.br\/ejem\/wp-content\/uploads\/2020\/07\/action-adult-fast-fire-266403.jpg\",\"articleSection\":[\"Geral\"],\"inLanguage\":\"pt-BR\"},{\"@type\":\"WebPage\",\"@id\":\"https:\/\/ejemackenzie.com.br\/ejem\/prejuizos-falta-alvara-dos-bombeiros\/\",\"url\":\"https:\/\/ejemackenzie.com.br\/ejem\/prejuizos-falta-alvara-dos-bombeiros\/\",\"name\":\"3 Preju\u00edzos que a Falta do Alvar\u00e1 dos Bombeiros Traz - Ejem\",\"isPartOf\":{\"@id\":\"https:\/\/ejemackenzie.com.br\/ejem\/#website\"},\"primaryImageOfPage\":{\"@id\":\"https:\/\/ejemackenzie.com.br\/ejem\/prejuizos-falta-alvara-dos-bombeiros\/#primaryimage\"},\"image\":{\"@id\":\"https:\/\/ejemackenzie.com.br\/ejem\/prejuizos-falta-alvara-dos-bombeiros\/#primaryimage\"},\"thumbnailUrl\":\"https:\/\/ejemackenzie.com.br\/ejem\/wp-content\/uploads\/2020\/07\/action-adult-fast-fire-266403.jpg\",\"datePublished\":\"2020-07-17T21:21:57+00:00\",\"dateModified\":\"2022-05-30T12:37:53+00:00\",\"breadcrumb\":{\"@id\":\"https:\/\/ejemackenzie.com.br\/ejem\/prejuizos-falta-alvara-dos-bombeiros\/#breadcrumb\"},\"inLanguage\":\"pt-BR\",\"potentialAction\":[{\"@type\":\"ReadAction\",\"target\":[\"https:\/\/ejemackenzie.com.br\/ejem\/prejuizos-falta-alvara-dos-bombeiros\/\"]}]},{\"@type\":\"ImageObject\",\"inLanguage\":\"pt-BR\",\"@id\":\"https:\/\/ejemackenzie.com.br\/ejem\/prejuizos-falta-alvara-dos-bombeiros\/#primaryimage\",\"url\":\"https:\/\/ejemackenzie.com.br\/ejem\/wp-content\/uploads\/2020\/07\/action-adult-fast-fire-266403.jpg\",\"contentUrl\":\"https:\/\/ejemackenzie.com.br\/ejem\/wp-content\/uploads\/2020\/07\/action-adult-fast-fire-266403.jpg\",\"width\":2000,\"height\":1363,\"caption\":\"action-adult-fast-fire-266403.jpg\"},{\"@type\":\"BreadcrumbList\",\"@id\":\"https:\/\/ejemackenzie.com.br\/ejem\/prejuizos-falta-alvara-dos-bombeiros\/#breadcrumb\",\"itemListElement\":[{\"@type\":\"ListItem\",\"position\":1,\"name\":\"In\u00edcio\",\"item\":\"https:\/\/ejemackenzie.com.br\/ejem\/\"},{\"@type\":\"ListItem\",\"position\":2,\"name\":\"3 Preju\u00edzos que a Falta do Alvar\u00e1 dos Bombeiros Traz\"}]},{\"@type\":\"WebSite\",\"@id\":\"https:\/\/ejemackenzie.com.br\/ejem\/#website\",\"url\":\"https:\/\/ejemackenzie.com.br\/ejem\/\",\"name\":\"Ejem\",\"description\":\"Solu\u00e7\u00f5es em Engenharia\",\"publisher\":{\"@id\":\"https:\/\/ejemackenzie.com.br\/ejem\/#organization\"},\"potentialAction\":[{\"@type\":\"SearchAction\",\"target\":{\"@type\":\"EntryPoint\",\"urlTemplate\":\"https:\/\/ejemackenzie.com.br\/ejem\/?s={search_term_string}\"},\"query-input\":{\"@type\":\"PropertyValueSpecification\",\"valueRequired\":true,\"valueName\":\"search_term_string\"}}],\"inLanguage\":\"pt-BR\"},{\"@type\":\"Organization\",\"@id\":\"https:\/\/ejemackenzie.com.br\/ejem\/#organization\",\"name\":\"Ejem\",\"url\":\"https:\/\/ejemackenzie.com.br\/ejem\/\",\"logo\":{\"@type\":\"ImageObject\",\"inLanguage\":\"pt-BR\",\"@id\":\"https:\/\/ejemackenzie.com.br\/ejem\/#\/schema\/logo\/image\/\",\"url\":\"https:\/\/ejemackenzie.com.br\/ejem\/wp-content\/uploads\/2022\/10\/cropped-logovermelho.png\",\"contentUrl\":\"https:\/\/ejemackenzie.com.br\/ejem\/wp-content\/uploads\/2022\/10\/cropped-logovermelho.png\",\"width\":1382,\"height\":674,\"caption\":\"Ejem\"},\"image\":{\"@id\":\"https:\/\/ejemackenzie.com.br\/ejem\/#\/schema\/logo\/image\/\"}},{\"@type\":\"Person\",\"@id\":\"https:\/\/ejemackenzie.com.br\/ejem\/#\/schema\/person\/439f31abf29375d9ef149a4250480129\",\"name\":\"ejem.mackenzie\",\"image\":{\"@type\":\"ImageObject\",\"inLanguage\":\"pt-BR\",\"@id\":\"https:\/\/secure.gravatar.com\/avatar\/ec0ada7ea121ee3cd1f098f16e0cd88274b688841a992967f5e7e087fc66e6de?s=96&d=mm&r=g\",\"url\":\"https:\/\/secure.gravatar.com\/avatar\/ec0ada7ea121ee3cd1f098f16e0cd88274b688841a992967f5e7e087fc66e6de?s=96&d=mm&r=g\",\"contentUrl\":\"https:\/\/secure.gravatar.com\/avatar\/ec0ada7ea121ee3cd1f098f16e0cd88274b688841a992967f5e7e087fc66e6de?s=96&d=mm&r=g\",\"caption\":\"ejem.mackenzie\"},\"url\":\"https:\/\/ejemackenzie.com.br\/ejem\/author\/ejem-mackenzie\/\"}]}<\/script>\n<!-- \/ Yoast SEO plugin. -->","yoast_head_json":{"title":"3 Preju\u00edzos que a Falta do Alvar\u00e1 dos Bombeiros Traz - Ejem","robots":{"index":"index","follow":"follow","max-snippet":"max-snippet:-1","max-image-preview":"max-image-preview:large","max-video-preview":"max-video-preview:-1"},"canonical":"https:\/\/ejemackenzie.com.br\/ejem\/prejuizos-falta-alvara-dos-bombeiros\/","og_locale":"pt_BR","og_type":"article","og_title":"3 Preju\u00edzos que a Falta do Alvar\u00e1 dos Bombeiros Traz - Ejem","og_description":"\u00a0 Gabriela Bandeira De acordo com os\u00a0dados estat\u00edsticos\u00a0do corpo de bombeiros, na cidade de S\u00e3o Paulo, em 2019, ocorreram 6.835 casos de inc\u00eandios em estabelecimentos. Este n\u00famero \u00e9 preocupante em pensar que muitos poderiam ser evitados caso obedecessem a condi\u00e7\u00f5es de segran\u00e7a contra inc\u00eandios. Provavelmente voc\u00ea j\u00e1 ouviu falar em AVCB e do quanto ele &hellip; 3 Preju\u00edzos que a Falta do Alvar\u00e1 dos Bombeiros Traz Leia mais &raquo;","og_url":"https:\/\/ejemackenzie.com.br\/ejem\/prejuizos-falta-alvara-dos-bombeiros\/","og_site_name":"Ejem","article_published_time":"2020-07-17T21:21:57+00:00","article_modified_time":"2022-05-30T12:37:53+00:00","og_image":[{"url":"https:\/\/www.ejemackenzie.com.br\/wp-content\/uploads\/2020\/07\/action-adult-fast-fire-266403-1024x698.jpg","type":"","width":"","height":""}],"author":"ejem.mackenzie","twitter_card":"summary_large_image","twitter_misc":{"Escrito por":"ejem.mackenzie","Est. tempo de leitura":"3 minutos"},"schema":{"@context":"https:\/\/schema.org","@graph":[{"@type":"Article","@id":"https:\/\/ejemackenzie.com.br\/ejem\/prejuizos-falta-alvara-dos-bombeiros\/#article","isPartOf":{"@id":"https:\/\/ejemackenzie.com.br\/ejem\/prejuizos-falta-alvara-dos-bombeiros\/"},"author":{"name":"ejem.mackenzie","@id":"https:\/\/ejemackenzie.com.br\/ejem\/#\/schema\/person\/439f31abf29375d9ef149a4250480129"},"headline":"3 Preju\u00edzos que a Falta do Alvar\u00e1 dos Bombeiros Traz","datePublished":"2020-07-17T21:21:57+00:00","dateModified":"2022-05-30T12:37:53+00:00","mainEntityOfPage":{"@id":"https:\/\/ejemackenzie.com.br\/ejem\/prejuizos-falta-alvara-dos-bombeiros\/"},"wordCount":660,"publisher":{"@id":"https:\/\/ejemackenzie.com.br\/ejem\/#organization"},"image":{"@id":"https:\/\/ejemackenzie.com.br\/ejem\/prejuizos-falta-alvara-dos-bombeiros\/#primaryimage"},"thumbnailUrl":"https:\/\/ejemackenzie.com.br\/ejem\/wp-content\/uploads\/2020\/07\/action-adult-fast-fire-266403.jpg","articleSection":["Geral"],"inLanguage":"pt-BR"},{"@type":"WebPage","@id":"https:\/\/ejemackenzie.com.br\/ejem\/prejuizos-falta-alvara-dos-bombeiros\/","url":"https:\/\/ejemackenzie.com.br\/ejem\/prejuizos-falta-alvara-dos-bombeiros\/","name":"3 Preju\u00edzos que a Falta do Alvar\u00e1 dos Bombeiros Traz - Ejem","isPartOf":{"@id":"https:\/\/ejemackenzie.com.br\/ejem\/#website"},"primaryImageOfPage":{"@id":"https:\/\/ejemackenzie.com.br\/ejem\/prejuizos-falta-alvara-dos-bombeiros\/#primaryimage"},"image":{"@id":"https:\/\/ejemackenzie.com.br\/ejem\/prejuizos-falta-alvara-dos-bombeiros\/#primaryimage"},"thumbnailUrl":"https:\/\/ejemackenzie.com.br\/ejem\/wp-content\/uploads\/2020\/07\/action-adult-fast-fire-266403.jpg","datePublished":"2020-07-17T21:21:57+00:00","dateModified":"2022-05-30T12:37:53+00:00","breadcrumb":{"@id":"https:\/\/ejemackenzie.com.br\/ejem\/prejuizos-falta-alvara-dos-bombeiros\/#breadcrumb"},"inLanguage":"pt-BR","potentialAction":[{"@type":"ReadAction","target":["https:\/\/ejemackenzie.com.br\/ejem\/prejuizos-falta-alvara-dos-bombeiros\/"]}]},{"@type":"ImageObject","inLanguage":"pt-BR","@id":"https:\/\/ejemackenzie.com.br\/ejem\/prejuizos-falta-alvara-dos-bombeiros\/#primaryimage","url":"https:\/\/ejemackenzie.com.br\/ejem\/wp-content\/uploads\/2020\/07\/action-adult-fast-fire-266403.jpg","contentUrl":"https:\/\/ejemackenzie.com.br\/ejem\/wp-content\/uploads\/2020\/07\/action-adult-fast-fire-266403.jpg","width":2000,"height":1363,"caption":"action-adult-fast-fire-266403.jpg"},{"@type":"BreadcrumbList","@id":"https:\/\/ejemackenzie.com.br\/ejem\/prejuizos-falta-alvara-dos-bombeiros\/#breadcrumb","itemListElement":[{"@type":"ListItem","position":1,"name":"In\u00edcio","item":"https:\/\/ejemackenzie.com.br\/ejem\/"},{"@type":"ListItem","position":2,"name":"3 Preju\u00edzos que a Falta do Alvar\u00e1 dos Bombeiros Traz"}]},{"@type":"WebSite","@id":"https:\/\/ejemackenzie.com.br\/ejem\/#website","url":"https:\/\/ejemackenzie.com.br\/ejem\/","name":"Ejem","description":"Solu\u00e7\u00f5es em Engenharia","publisher":{"@id":"https:\/\/ejemackenzie.com.br\/ejem\/#organization"},"potentialAction":[{"@type":"SearchAction","target":{"@type":"EntryPoint","urlTemplate":"https:\/\/ejemackenzie.com.br\/ejem\/?s={search_term_string}"},"query-input":{"@type":"PropertyValueSpecification","valueRequired":true,"valueName":"search_term_string"}}],"inLanguage":"pt-BR"},{"@type":"Organization","@id":"https:\/\/ejemackenzie.com.br\/ejem\/#organization","name":"Ejem","url":"https:\/\/ejemackenzie.com.br\/ejem\/","logo":{"@type":"ImageObject","inLanguage":"pt-BR","@id":"https:\/\/ejemackenzie.com.br\/ejem\/#\/schema\/logo\/image\/","url":"https:\/\/ejemackenzie.com.br\/ejem\/wp-content\/uploads\/2022\/10\/cropped-logovermelho.png","contentUrl":"https:\/\/ejemackenzie.com.br\/ejem\/wp-content\/uploads\/2022\/10\/cropped-logovermelho.png","width":1382,"height":674,"caption":"Ejem"},"image":{"@id":"https:\/\/ejemackenzie.com.br\/ejem\/#\/schema\/logo\/image\/"}},{"@type":"Person","@id":"https:\/\/ejemackenzie.com.br\/ejem\/#\/schema\/person\/439f31abf29375d9ef149a4250480129","name":"ejem.mackenzie","image":{"@type":"ImageObject","inLanguage":"pt-BR","@id":"https:\/\/secure.gravatar.com\/avatar\/ec0ada7ea121ee3cd1f098f16e0cd88274b688841a992967f5e7e087fc66e6de?s=96&d=mm&r=g","url":"https:\/\/secure.gravatar.com\/avatar\/ec0ada7ea121ee3cd1f098f16e0cd88274b688841a992967f5e7e087fc66e6de?s=96&d=mm&r=g","contentUrl":"https:\/\/secure.gravatar.com\/avatar\/ec0ada7ea121ee3cd1f098f16e0cd88274b688841a992967f5e7e087fc66e6de?s=96&d=mm&r=g","caption":"ejem.mackenzie"},"url":"https:\/\/ejemackenzie.com.br\/ejem\/author\/ejem-mackenzie\/"}]}},"_links":{"self":[{"href":"https:\/\/ejemackenzie.com.br\/ejem\/wp-json\/wp\/v2\/posts\/9588","targetHints":{"allow":["GET"]}}],"collection":[{"href":"https:\/\/ejemackenzie.com.br\/ejem\/wp-json\/wp\/v2\/posts"}],"about":[{"href":"https:\/\/ejemackenzie.com.br\/ejem\/wp-json\/wp\/v2\/types\/post"}],"author":[{"embeddable":true,"href":"https:\/\/ejemackenzie.com.br\/ejem\/wp-json\/wp\/v2\/users\/2"}],"replies":[{"embeddable":true,"href":"https:\/\/ejemackenzie.com.br\/ejem\/wp-json\/wp\/v2\/comments?post=9588"}],"version-history":[{"count":1,"href":"https:\/\/ejemackenzie.com.br\/ejem\/wp-json\/wp\/v2\/posts\/9588\/revisions"}],"predecessor-version":[{"id":10562,"href":"https:\/\/ejemackenzie.com.br\/ejem\/wp-json\/wp\/v2\/posts\/9588\/revisions\/10562"}],"wp:featuredmedia":[{"embeddable":true,"href":"https:\/\/ejemackenzie.com.br\/ejem\/wp-json\/wp\/v2\/media\/13859"}],"wp:attachment":[{"href":"https:\/\/ejemackenzie.com.br\/ejem\/wp-json\/wp\/v2\/media?parent=9588"}],"wp:term":[{"taxonomy":"category","embeddable":true,"href":"https:\/\/ejemackenzie.com.br\/ejem\/wp-json\/wp\/v2\/categories?post=9588"},{"taxonomy":"post_tag","embeddable":true,"href":"https:\/\/ejemackenzie.com.br\/ejem\/wp-json\/wp\/v2\/tags?post=9588"}],"curies":[{"name":"wp","href":"https:\/\/api.w.org\/{rel}","templated":true}]}}