{"id":9575,"date":"2019-08-30T14:44:31","date_gmt":"2019-08-30T17:44:31","guid":{"rendered":"https:\/\/www.ejemackenzie.com.br\/?p=2707"},"modified":"2022-05-30T12:37:53","modified_gmt":"2022-05-30T12:37:53","slug":"acessibilidade-em-imoveis","status":"publish","type":"post","link":"https:\/\/ejemackenzie.com.br\/ejem\/acessibilidade-em-imoveis\/","title":{"rendered":"5 Adapta\u00e7\u00f5es em Im\u00f3veis para Pessoas com Limita\u00e7\u00e3o"},"content":{"rendered":"<h1>\u00a0<\/h1>\n<h2>Nara Pontes<\/h2>\n<p><img fetchpriority=\"high\" decoding=\"async\" src=\"https:\/\/www.ejemackenzie.com.br\/wp-content\/uploads\/2019\/08\/11111111111111111-1024x707.jpg\" sizes=\"(max-width: 812px) 100vw, 812px\" srcset=\"https:\/\/www.ejemackenzie.com.br\/wp-content\/uploads\/2019\/08\/11111111111111111-1024x707.jpg 1024w, https:\/\/www.ejemackenzie.com.br\/wp-content\/uploads\/2019\/08\/11111111111111111-300x207.jpg 300w, https:\/\/www.ejemackenzie.com.br\/wp-content\/uploads\/2019\/08\/11111111111111111-768x530.jpg 768w, https:\/\/www.ejemackenzie.com.br\/wp-content\/uploads\/2019\/08\/11111111111111111.jpg 1578w\" alt=\"Acessibilidade e limita\u00e7\u00e3o\" width=\"812\" height=\"561\" \/><\/p>\n<p>Acessibilidade n\u00e3o \u00e9 mais luxo ou diferencial, agora \u00e9 obriga\u00e7\u00e3o! \u00c9 necess\u00e1rio assegurar o direito de acessibilidade a todas as pessoas, adaptando, resid\u00eancias, pr\u00e9dios, empresas, consult\u00f3rios e com\u00e9rcios.\u00a0 Saiba quais s\u00e3o as adapta\u00e7\u00f5es necess\u00e1rias para o seu im\u00f3vel residencial ou comercial fornecer conforto, independ\u00eancia e permanecer regularizado, conforme normas da ABNT.<\/p>\n<p><strong>1 &#8211; Rampas<\/strong><\/p>\n<p>Visando melhorar a acessibilidade de pessoas com limita\u00e7\u00f5es f\u00edsicas \u00e9 indispens\u00e1vel a instala\u00e7\u00e3o de rampas de acesso. Contudo, alguns requisitos devem ser observados no momento da adapta\u00e7\u00e3o. Vejamos: checar sempre o n\u00edvel de inclina\u00e7\u00e3o da rampa, o qual n\u00e3o deve superar 8%; evitar a utiliza\u00e7\u00e3o de pisos e cer\u00e2micas escorregadios, e se for o caso, adicionar fitas e tapetes antiderrapantes; instalar barras de apoio (corrim\u00e3o).<\/p>\n<p><strong>2 &#8211; Banheiros<\/strong><\/p>\n<p>Por se tratarem de ambientes \u00famidos e escorregadios, respons\u00e1veis pela maioria dos acidentes dom\u00e9sticos, os banheiros merecem grande aten\u00e7\u00e3o.<\/p>\n<p>As altera\u00e7\u00f5es nos banheiros s\u00e3o as mais indispens\u00e1veis. \u00c9 necess\u00e1rio trocar os tipos de privadas e pias, e tamb\u00e9m, alterar as suas alturas. Al\u00e9m disso, \u00e9 importante colocar barras de apoio dentro dos boxes, pr\u00f3ximos \u00e0s pias e as privadas.<\/p>\n<p>Outra medida muito eficaz \u00e9 a instala\u00e7\u00e3o de pisos\/tapetes\/fitas antiderrapantes. Esses materiais, auxiliados pelas barras de apoio, reduzem drasticamente os acidentes ocorridos por escorregamentos.<\/p>\n<p><strong>3 &#8211; Ambiente mais clean<\/strong><\/p>\n<p>Visando facilitar a locomo\u00e7\u00e3o das pessoas que necessitam de cadeiras de rodas, andadores e muletas, \u00e9 importante que os ambientes sejam cleans. Para isso devem possuir apenas os moveis necess\u00e1rios e preferencialmente com poucas quinas, para evitar poss\u00edveis acidentes.<\/p>\n<p><img decoding=\"async\" src=\"https:\/\/www.ejemackenzie.com.br\/wp-content\/uploads\/2019\/08\/2222222222222222222-1024x682.jpg\" sizes=\"(max-width: 812px) 100vw, 812px\" srcset=\"https:\/\/www.ejemackenzie.com.br\/wp-content\/uploads\/2019\/08\/2222222222222222222-1024x682.jpg 1024w, https:\/\/www.ejemackenzie.com.br\/wp-content\/uploads\/2019\/08\/2222222222222222222-300x200.jpg 300w, https:\/\/www.ejemackenzie.com.br\/wp-content\/uploads\/2019\/08\/2222222222222222222-768x512.jpg 768w\" alt=\"\" width=\"812\" height=\"541\" \/><\/p>\n<p><strong>4 &#8211; Nivelamento dos pisos<\/strong><\/p>\n<p>Outro causador de acidentes dom\u00e9sticos, e principal limitador de acesso a pessoas portadoras de defici\u00eancias f\u00edsicas, s\u00e3o os desn\u00edveis. Evitando-se utilizar diferentes tipos de materiais entre os ambientes e o uso de carpetes e tapetes.<\/p>\n<p><strong>5 &#8211; Portas e corredores<\/strong><\/p>\n<p>As portas e os corredores devem ter uma largura m\u00ednima de 0,9m para que todas as pessoas possam se locomover sem poss\u00edveis choques.<\/p>\n<p>Portas e corredores estreitos tornam-se inacess\u00edveis para a movimenta\u00e7\u00e3o e acesso de pessoas que necessitam do auxilio de cadeiras de rodas e andadores para locomo\u00e7\u00e3o.<\/p>\n<p>Deste modo, deve ser observado o tamanho e a largura m\u00ednima contidas nas regras da ABNT.<\/p>\n<p>Para maiores informa\u00e7\u00f5es quanto \u00e0s regras e adapta\u00e7\u00f5es necess\u00e1rias para tornar um ambiente mais acess\u00edvel, consultar\u00a0<a href=\"https:\/\/www.pessoacomdeficiencia.gov.br\/app\/sites\/default\/files\/arquivos\/%5Bfield_generico_imagens-filefield-description%5D_24.pdf\">o manual de regras da ABNT<\/a><\/p>\n<p><a href=\"https:\/\/www.mack.ejemackenzie.com.br\/newsletter\" data-elementor-open-lightbox=\"\"><br \/><img decoding=\"async\" src=\"https:\/\/www.ejemackenzie.com.br\/wp-content\/uploads\/2019\/03\/SE-INTERESSOU-POR-NOSSOS-CONTE\u00daDOS_-RECEBA-NOSSA-NEWSLETTER.png\" sizes=\"(max-width: 2268px) 100vw, 2268px\" srcset=\"https:\/\/www.ejemackenzie.com.br\/wp-content\/uploads\/2019\/03\/SE-INTERESSOU-POR-NOSSOS-CONTE\u00daDOS_-RECEBA-NOSSA-NEWSLETTER.png 2268w, https:\/\/www.ejemackenzie.com.br\/wp-content\/uploads\/2019\/03\/SE-INTERESSOU-POR-NOSSOS-CONTE\u00daDOS_-RECEBA-NOSSA-NEWSLETTER-300x25.png 300w, https:\/\/www.ejemackenzie.com.br\/wp-content\/uploads\/2019\/03\/SE-INTERESSOU-POR-NOSSOS-CONTE\u00daDOS_-RECEBA-NOSSA-NEWSLETTER-768x64.png 768w, https:\/\/www.ejemackenzie.com.br\/wp-content\/uploads\/2019\/03\/SE-INTERESSOU-POR-NOSSOS-CONTE\u00daDOS_-RECEBA-NOSSA-NEWSLETTER-1024x85.png 1024w\" alt=\"\" width=\"2268\" height=\"189\" \/> <\/a><\/p>\n<p>\u00a0<\/p>\n\n\n<p><\/p>\n","protected":false},"excerpt":{"rendered":"<p>\u00a0 Nara Pontes Acessibilidade n\u00e3o \u00e9 mais luxo ou diferencial, agora \u00e9 obriga\u00e7\u00e3o! \u00c9 necess\u00e1rio assegurar o direito de acessibilidade a todas as pessoas, adaptando, resid\u00eancias, pr\u00e9dios, empresas, consult\u00f3rios e com\u00e9rcios.\u00a0 Saiba quais s\u00e3o as adapta\u00e7\u00f5es necess\u00e1rias para o seu im\u00f3vel residencial ou comercial fornecer conforto, independ\u00eancia e permanecer regularizado, conforme normas da ABNT. 1 &hellip;<\/p>\n<p class=\"read-more\"> <a class=\"\" href=\"https:\/\/ejemackenzie.com.br\/ejem\/acessibilidade-em-imoveis\/\"> <span class=\"screen-reader-text\">5 Adapta\u00e7\u00f5es em Im\u00f3veis para Pessoas com Limita\u00e7\u00e3o<\/span> Leia mais &raquo;<\/a><\/p>\n","protected":false},"author":2,"featured_media":13863,"comment_status":"closed","ping_status":"open","sticky":false,"template":"","format":"standard","meta":{"site-sidebar-layout":"default","site-content-layout":"default","ast-global-header-display":"","ast-main-header-display":"","ast-hfb-above-header-display":"","ast-hfb-below-header-display":"","ast-hfb-mobile-header-display":"","site-post-title":"","ast-breadcrumbs-content":"","ast-featured-img":"","footer-sml-layout":"","theme-transparent-header-meta":"","adv-header-id-meta":"","stick-header-meta":"","header-above-stick-meta":"","header-main-stick-meta":"","header-below-stick-meta":"","_joinchat":[],"footnotes":""},"categories":[9],"tags":[15,16,17,18,19],"class_list":["post-9575","post","type-post","status-publish","format-standard","has-post-thumbnail","hentry","category-casa-e-construcao","tag-acessibilidade","tag-adaptacoes","tag-alteracoes","tag-limitacoes","tag-limitacoes-fisicas"],"yoast_head":"<!-- This site is optimized with the Yoast SEO plugin v27.2 - https:\/\/yoast.com\/product\/yoast-seo-wordpress\/ -->\n<title>5 Adapta\u00e7\u00f5es em Im\u00f3veis para Pessoas com Limita\u00e7\u00e3o - Ejem<\/title>\n<meta name=\"robots\" content=\"index, follow, max-snippet:-1, max-image-preview:large, max-video-preview:-1\" \/>\n<link rel=\"canonical\" href=\"https:\/\/ejemackenzie.com.br\/ejem\/acessibilidade-em-imoveis\/\" \/>\n<meta property=\"og:locale\" content=\"pt_BR\" \/>\n<meta property=\"og:type\" content=\"article\" \/>\n<meta property=\"og:title\" content=\"5 Adapta\u00e7\u00f5es em Im\u00f3veis para Pessoas com Limita\u00e7\u00e3o - Ejem\" \/>\n<meta property=\"og:description\" content=\"\u00a0 Nara Pontes Acessibilidade n\u00e3o \u00e9 mais luxo ou diferencial, agora \u00e9 obriga\u00e7\u00e3o! \u00c9 necess\u00e1rio assegurar o direito de acessibilidade a todas as pessoas, adaptando, resid\u00eancias, pr\u00e9dios, empresas, consult\u00f3rios e com\u00e9rcios.\u00a0 Saiba quais s\u00e3o as adapta\u00e7\u00f5es necess\u00e1rias para o seu im\u00f3vel residencial ou comercial fornecer conforto, independ\u00eancia e permanecer regularizado, conforme normas da ABNT. 1 &hellip; 5 Adapta\u00e7\u00f5es em Im\u00f3veis para Pessoas com Limita\u00e7\u00e3o Leia mais &raquo;\" \/>\n<meta property=\"og:url\" content=\"https:\/\/ejemackenzie.com.br\/ejem\/acessibilidade-em-imoveis\/\" \/>\n<meta property=\"og:site_name\" content=\"Ejem\" \/>\n<meta property=\"article:published_time\" content=\"2019-08-30T17:44:31+00:00\" \/>\n<meta property=\"article:modified_time\" content=\"2022-05-30T12:37:53+00:00\" \/>\n<meta property=\"og:image\" content=\"https:\/\/www.ejemackenzie.com.br\/wp-content\/uploads\/2019\/08\/11111111111111111-1024x707.jpg\" \/>\n<meta name=\"author\" content=\"ejem.mackenzie\" \/>\n<meta name=\"twitter:card\" content=\"summary_large_image\" \/>\n<meta name=\"twitter:label1\" content=\"Escrito por\" \/>\n\t<meta name=\"twitter:data1\" content=\"ejem.mackenzie\" \/>\n\t<meta name=\"twitter:label2\" content=\"Est. tempo de leitura\" \/>\n\t<meta name=\"twitter:data2\" content=\"2 minutos\" \/>\n<script type=\"application\/ld+json\" class=\"yoast-schema-graph\">{\"@context\":\"https:\/\/schema.org\",\"@graph\":[{\"@type\":\"Article\",\"@id\":\"https:\/\/ejemackenzie.com.br\/ejem\/acessibilidade-em-imoveis\/#article\",\"isPartOf\":{\"@id\":\"https:\/\/ejemackenzie.com.br\/ejem\/acessibilidade-em-imoveis\/\"},\"author\":{\"name\":\"ejem.mackenzie\",\"@id\":\"https:\/\/ejemackenzie.com.br\/ejem\/#\/schema\/person\/439f31abf29375d9ef149a4250480129\"},\"headline\":\"5 Adapta\u00e7\u00f5es em Im\u00f3veis para Pessoas com Limita\u00e7\u00e3o\",\"datePublished\":\"2019-08-30T17:44:31+00:00\",\"dateModified\":\"2022-05-30T12:37:53+00:00\",\"mainEntityOfPage\":{\"@id\":\"https:\/\/ejemackenzie.com.br\/ejem\/acessibilidade-em-imoveis\/\"},\"wordCount\":432,\"publisher\":{\"@id\":\"https:\/\/ejemackenzie.com.br\/ejem\/#organization\"},\"image\":{\"@id\":\"https:\/\/ejemackenzie.com.br\/ejem\/acessibilidade-em-imoveis\/#primaryimage\"},\"thumbnailUrl\":\"https:\/\/ejemackenzie.com.br\/ejem\/wp-content\/uploads\/2019\/08\/11111111111111111.jpg\",\"keywords\":[\"acessibilidade\",\"adapta\u00e7\u00f5es\",\"altera\u00e7\u00f5es\",\"limita\u00e7\u00f5es\",\"limita\u00e7\u00f5es fisicas\"],\"articleSection\":[\"Casa e Constru\u00e7\u00e3o\"],\"inLanguage\":\"pt-BR\"},{\"@type\":\"WebPage\",\"@id\":\"https:\/\/ejemackenzie.com.br\/ejem\/acessibilidade-em-imoveis\/\",\"url\":\"https:\/\/ejemackenzie.com.br\/ejem\/acessibilidade-em-imoveis\/\",\"name\":\"5 Adapta\u00e7\u00f5es em Im\u00f3veis para Pessoas com Limita\u00e7\u00e3o - Ejem\",\"isPartOf\":{\"@id\":\"https:\/\/ejemackenzie.com.br\/ejem\/#website\"},\"primaryImageOfPage\":{\"@id\":\"https:\/\/ejemackenzie.com.br\/ejem\/acessibilidade-em-imoveis\/#primaryimage\"},\"image\":{\"@id\":\"https:\/\/ejemackenzie.com.br\/ejem\/acessibilidade-em-imoveis\/#primaryimage\"},\"thumbnailUrl\":\"https:\/\/ejemackenzie.com.br\/ejem\/wp-content\/uploads\/2019\/08\/11111111111111111.jpg\",\"datePublished\":\"2019-08-30T17:44:31+00:00\",\"dateModified\":\"2022-05-30T12:37:53+00:00\",\"breadcrumb\":{\"@id\":\"https:\/\/ejemackenzie.com.br\/ejem\/acessibilidade-em-imoveis\/#breadcrumb\"},\"inLanguage\":\"pt-BR\",\"potentialAction\":[{\"@type\":\"ReadAction\",\"target\":[\"https:\/\/ejemackenzie.com.br\/ejem\/acessibilidade-em-imoveis\/\"]}]},{\"@type\":\"ImageObject\",\"inLanguage\":\"pt-BR\",\"@id\":\"https:\/\/ejemackenzie.com.br\/ejem\/acessibilidade-em-imoveis\/#primaryimage\",\"url\":\"https:\/\/ejemackenzie.com.br\/ejem\/wp-content\/uploads\/2019\/08\/11111111111111111.jpg\",\"contentUrl\":\"https:\/\/ejemackenzie.com.br\/ejem\/wp-content\/uploads\/2019\/08\/11111111111111111.jpg\",\"width\":1578,\"height\":1090,\"caption\":\"Acessibilidade e limita\u00e7\u00e3o\"},{\"@type\":\"BreadcrumbList\",\"@id\":\"https:\/\/ejemackenzie.com.br\/ejem\/acessibilidade-em-imoveis\/#breadcrumb\",\"itemListElement\":[{\"@type\":\"ListItem\",\"position\":1,\"name\":\"In\u00edcio\",\"item\":\"https:\/\/ejemackenzie.com.br\/ejem\/\"},{\"@type\":\"ListItem\",\"position\":2,\"name\":\"5 Adapta\u00e7\u00f5es em Im\u00f3veis para Pessoas com Limita\u00e7\u00e3o\"}]},{\"@type\":\"WebSite\",\"@id\":\"https:\/\/ejemackenzie.com.br\/ejem\/#website\",\"url\":\"https:\/\/ejemackenzie.com.br\/ejem\/\",\"name\":\"Ejem\",\"description\":\"Solu\u00e7\u00f5es em Engenharia\",\"publisher\":{\"@id\":\"https:\/\/ejemackenzie.com.br\/ejem\/#organization\"},\"potentialAction\":[{\"@type\":\"SearchAction\",\"target\":{\"@type\":\"EntryPoint\",\"urlTemplate\":\"https:\/\/ejemackenzie.com.br\/ejem\/?s={search_term_string}\"},\"query-input\":{\"@type\":\"PropertyValueSpecification\",\"valueRequired\":true,\"valueName\":\"search_term_string\"}}],\"inLanguage\":\"pt-BR\"},{\"@type\":\"Organization\",\"@id\":\"https:\/\/ejemackenzie.com.br\/ejem\/#organization\",\"name\":\"Ejem\",\"url\":\"https:\/\/ejemackenzie.com.br\/ejem\/\",\"logo\":{\"@type\":\"ImageObject\",\"inLanguage\":\"pt-BR\",\"@id\":\"https:\/\/ejemackenzie.com.br\/ejem\/#\/schema\/logo\/image\/\",\"url\":\"https:\/\/ejemackenzie.com.br\/ejem\/wp-content\/uploads\/2022\/10\/cropped-logovermelho.png\",\"contentUrl\":\"https:\/\/ejemackenzie.com.br\/ejem\/wp-content\/uploads\/2022\/10\/cropped-logovermelho.png\",\"width\":1382,\"height\":674,\"caption\":\"Ejem\"},\"image\":{\"@id\":\"https:\/\/ejemackenzie.com.br\/ejem\/#\/schema\/logo\/image\/\"}},{\"@type\":\"Person\",\"@id\":\"https:\/\/ejemackenzie.com.br\/ejem\/#\/schema\/person\/439f31abf29375d9ef149a4250480129\",\"name\":\"ejem.mackenzie\",\"image\":{\"@type\":\"ImageObject\",\"inLanguage\":\"pt-BR\",\"@id\":\"https:\/\/secure.gravatar.com\/avatar\/ec0ada7ea121ee3cd1f098f16e0cd88274b688841a992967f5e7e087fc66e6de?s=96&d=mm&r=g\",\"url\":\"https:\/\/secure.gravatar.com\/avatar\/ec0ada7ea121ee3cd1f098f16e0cd88274b688841a992967f5e7e087fc66e6de?s=96&d=mm&r=g\",\"contentUrl\":\"https:\/\/secure.gravatar.com\/avatar\/ec0ada7ea121ee3cd1f098f16e0cd88274b688841a992967f5e7e087fc66e6de?s=96&d=mm&r=g\",\"caption\":\"ejem.mackenzie\"},\"url\":\"https:\/\/ejemackenzie.com.br\/ejem\/author\/ejem-mackenzie\/\"}]}<\/script>\n<!-- \/ Yoast SEO plugin. -->","yoast_head_json":{"title":"5 Adapta\u00e7\u00f5es em Im\u00f3veis para Pessoas com Limita\u00e7\u00e3o - Ejem","robots":{"index":"index","follow":"follow","max-snippet":"max-snippet:-1","max-image-preview":"max-image-preview:large","max-video-preview":"max-video-preview:-1"},"canonical":"https:\/\/ejemackenzie.com.br\/ejem\/acessibilidade-em-imoveis\/","og_locale":"pt_BR","og_type":"article","og_title":"5 Adapta\u00e7\u00f5es em Im\u00f3veis para Pessoas com Limita\u00e7\u00e3o - Ejem","og_description":"\u00a0 Nara Pontes Acessibilidade n\u00e3o \u00e9 mais luxo ou diferencial, agora \u00e9 obriga\u00e7\u00e3o! \u00c9 necess\u00e1rio assegurar o direito de acessibilidade a todas as pessoas, adaptando, resid\u00eancias, pr\u00e9dios, empresas, consult\u00f3rios e com\u00e9rcios.\u00a0 Saiba quais s\u00e3o as adapta\u00e7\u00f5es necess\u00e1rias para o seu im\u00f3vel residencial ou comercial fornecer conforto, independ\u00eancia e permanecer regularizado, conforme normas da ABNT. 1 &hellip; 5 Adapta\u00e7\u00f5es em Im\u00f3veis para Pessoas com Limita\u00e7\u00e3o Leia mais &raquo;","og_url":"https:\/\/ejemackenzie.com.br\/ejem\/acessibilidade-em-imoveis\/","og_site_name":"Ejem","article_published_time":"2019-08-30T17:44:31+00:00","article_modified_time":"2022-05-30T12:37:53+00:00","og_image":[{"url":"https:\/\/www.ejemackenzie.com.br\/wp-content\/uploads\/2019\/08\/11111111111111111-1024x707.jpg","type":"","width":"","height":""}],"author":"ejem.mackenzie","twitter_card":"summary_large_image","twitter_misc":{"Escrito por":"ejem.mackenzie","Est. tempo de leitura":"2 minutos"},"schema":{"@context":"https:\/\/schema.org","@graph":[{"@type":"Article","@id":"https:\/\/ejemackenzie.com.br\/ejem\/acessibilidade-em-imoveis\/#article","isPartOf":{"@id":"https:\/\/ejemackenzie.com.br\/ejem\/acessibilidade-em-imoveis\/"},"author":{"name":"ejem.mackenzie","@id":"https:\/\/ejemackenzie.com.br\/ejem\/#\/schema\/person\/439f31abf29375d9ef149a4250480129"},"headline":"5 Adapta\u00e7\u00f5es em Im\u00f3veis para Pessoas com Limita\u00e7\u00e3o","datePublished":"2019-08-30T17:44:31+00:00","dateModified":"2022-05-30T12:37:53+00:00","mainEntityOfPage":{"@id":"https:\/\/ejemackenzie.com.br\/ejem\/acessibilidade-em-imoveis\/"},"wordCount":432,"publisher":{"@id":"https:\/\/ejemackenzie.com.br\/ejem\/#organization"},"image":{"@id":"https:\/\/ejemackenzie.com.br\/ejem\/acessibilidade-em-imoveis\/#primaryimage"},"thumbnailUrl":"https:\/\/ejemackenzie.com.br\/ejem\/wp-content\/uploads\/2019\/08\/11111111111111111.jpg","keywords":["acessibilidade","adapta\u00e7\u00f5es","altera\u00e7\u00f5es","limita\u00e7\u00f5es","limita\u00e7\u00f5es fisicas"],"articleSection":["Casa e Constru\u00e7\u00e3o"],"inLanguage":"pt-BR"},{"@type":"WebPage","@id":"https:\/\/ejemackenzie.com.br\/ejem\/acessibilidade-em-imoveis\/","url":"https:\/\/ejemackenzie.com.br\/ejem\/acessibilidade-em-imoveis\/","name":"5 Adapta\u00e7\u00f5es em Im\u00f3veis para Pessoas com Limita\u00e7\u00e3o - Ejem","isPartOf":{"@id":"https:\/\/ejemackenzie.com.br\/ejem\/#website"},"primaryImageOfPage":{"@id":"https:\/\/ejemackenzie.com.br\/ejem\/acessibilidade-em-imoveis\/#primaryimage"},"image":{"@id":"https:\/\/ejemackenzie.com.br\/ejem\/acessibilidade-em-imoveis\/#primaryimage"},"thumbnailUrl":"https:\/\/ejemackenzie.com.br\/ejem\/wp-content\/uploads\/2019\/08\/11111111111111111.jpg","datePublished":"2019-08-30T17:44:31+00:00","dateModified":"2022-05-30T12:37:53+00:00","breadcrumb":{"@id":"https:\/\/ejemackenzie.com.br\/ejem\/acessibilidade-em-imoveis\/#breadcrumb"},"inLanguage":"pt-BR","potentialAction":[{"@type":"ReadAction","target":["https:\/\/ejemackenzie.com.br\/ejem\/acessibilidade-em-imoveis\/"]}]},{"@type":"ImageObject","inLanguage":"pt-BR","@id":"https:\/\/ejemackenzie.com.br\/ejem\/acessibilidade-em-imoveis\/#primaryimage","url":"https:\/\/ejemackenzie.com.br\/ejem\/wp-content\/uploads\/2019\/08\/11111111111111111.jpg","contentUrl":"https:\/\/ejemackenzie.com.br\/ejem\/wp-content\/uploads\/2019\/08\/11111111111111111.jpg","width":1578,"height":1090,"caption":"Acessibilidade e limita\u00e7\u00e3o"},{"@type":"BreadcrumbList","@id":"https:\/\/ejemackenzie.com.br\/ejem\/acessibilidade-em-imoveis\/#breadcrumb","itemListElement":[{"@type":"ListItem","position":1,"name":"In\u00edcio","item":"https:\/\/ejemackenzie.com.br\/ejem\/"},{"@type":"ListItem","position":2,"name":"5 Adapta\u00e7\u00f5es em Im\u00f3veis para Pessoas com Limita\u00e7\u00e3o"}]},{"@type":"WebSite","@id":"https:\/\/ejemackenzie.com.br\/ejem\/#website","url":"https:\/\/ejemackenzie.com.br\/ejem\/","name":"Ejem","description":"Solu\u00e7\u00f5es em Engenharia","publisher":{"@id":"https:\/\/ejemackenzie.com.br\/ejem\/#organization"},"potentialAction":[{"@type":"SearchAction","target":{"@type":"EntryPoint","urlTemplate":"https:\/\/ejemackenzie.com.br\/ejem\/?s={search_term_string}"},"query-input":{"@type":"PropertyValueSpecification","valueRequired":true,"valueName":"search_term_string"}}],"inLanguage":"pt-BR"},{"@type":"Organization","@id":"https:\/\/ejemackenzie.com.br\/ejem\/#organization","name":"Ejem","url":"https:\/\/ejemackenzie.com.br\/ejem\/","logo":{"@type":"ImageObject","inLanguage":"pt-BR","@id":"https:\/\/ejemackenzie.com.br\/ejem\/#\/schema\/logo\/image\/","url":"https:\/\/ejemackenzie.com.br\/ejem\/wp-content\/uploads\/2022\/10\/cropped-logovermelho.png","contentUrl":"https:\/\/ejemackenzie.com.br\/ejem\/wp-content\/uploads\/2022\/10\/cropped-logovermelho.png","width":1382,"height":674,"caption":"Ejem"},"image":{"@id":"https:\/\/ejemackenzie.com.br\/ejem\/#\/schema\/logo\/image\/"}},{"@type":"Person","@id":"https:\/\/ejemackenzie.com.br\/ejem\/#\/schema\/person\/439f31abf29375d9ef149a4250480129","name":"ejem.mackenzie","image":{"@type":"ImageObject","inLanguage":"pt-BR","@id":"https:\/\/secure.gravatar.com\/avatar\/ec0ada7ea121ee3cd1f098f16e0cd88274b688841a992967f5e7e087fc66e6de?s=96&d=mm&r=g","url":"https:\/\/secure.gravatar.com\/avatar\/ec0ada7ea121ee3cd1f098f16e0cd88274b688841a992967f5e7e087fc66e6de?s=96&d=mm&r=g","contentUrl":"https:\/\/secure.gravatar.com\/avatar\/ec0ada7ea121ee3cd1f098f16e0cd88274b688841a992967f5e7e087fc66e6de?s=96&d=mm&r=g","caption":"ejem.mackenzie"},"url":"https:\/\/ejemackenzie.com.br\/ejem\/author\/ejem-mackenzie\/"}]}},"_links":{"self":[{"href":"https:\/\/ejemackenzie.com.br\/ejem\/wp-json\/wp\/v2\/posts\/9575","targetHints":{"allow":["GET"]}}],"collection":[{"href":"https:\/\/ejemackenzie.com.br\/ejem\/wp-json\/wp\/v2\/posts"}],"about":[{"href":"https:\/\/ejemackenzie.com.br\/ejem\/wp-json\/wp\/v2\/types\/post"}],"author":[{"embeddable":true,"href":"https:\/\/ejemackenzie.com.br\/ejem\/wp-json\/wp\/v2\/users\/2"}],"replies":[{"embeddable":true,"href":"https:\/\/ejemackenzie.com.br\/ejem\/wp-json\/wp\/v2\/comments?post=9575"}],"version-history":[{"count":1,"href":"https:\/\/ejemackenzie.com.br\/ejem\/wp-json\/wp\/v2\/posts\/9575\/revisions"}],"predecessor-version":[{"id":10575,"href":"https:\/\/ejemackenzie.com.br\/ejem\/wp-json\/wp\/v2\/posts\/9575\/revisions\/10575"}],"wp:featuredmedia":[{"embeddable":true,"href":"https:\/\/ejemackenzie.com.br\/ejem\/wp-json\/wp\/v2\/media\/13863"}],"wp:attachment":[{"href":"https:\/\/ejemackenzie.com.br\/ejem\/wp-json\/wp\/v2\/media?parent=9575"}],"wp:term":[{"taxonomy":"category","embeddable":true,"href":"https:\/\/ejemackenzie.com.br\/ejem\/wp-json\/wp\/v2\/categories?post=9575"},{"taxonomy":"post_tag","embeddable":true,"href":"https:\/\/ejemackenzie.com.br\/ejem\/wp-json\/wp\/v2\/tags?post=9575"}],"curies":[{"name":"wp","href":"https:\/\/api.w.org\/{rel}","templated":true}]}}